{"id":19914,"date":"2025-01-04T08:00:00","date_gmt":"2025-01-04T07:00:00","guid":{"rendered":"http:\/\/cms.mtsomnii.de\/w7\/kreisbote-gap\/um-aktivarena-am-kolben-baut-skiabfahrt-zur-rodelpiste-93494214-html-3-19914\/"},"modified":"2025-01-04T08:00:00","modified_gmt":"2025-01-04T07:00:00","slug":"um-aktivarena-am-kolben-baut-skiabfahrt-zur-rodelpiste-93494214-html-3","status":"publish","type":"post","link":"http:\/\/cms.mtsomnii.de\/w7\/kreisbote-gap\/um-aktivarena-am-kolben-baut-skiabfahrt-zur-rodelpiste-93494214-html-3-19914\/","title":{"rendered":"\u201aAktivArena am Kolben\u2018 baut Skiabfahrt zur Rodelpiste um"},"content":{"rendered":"<div>Den Klimawandel kann Klement Fend aus den Unterlagen der \u201aAktivArena am Kolben\u2018 herauslesen. Der fr\u00fchere B\u00fcrgermeister von Oberammergau ist einer von neun Gesellschaftern und gleichzeitig Gesch\u00e4ftsf\u00fchrer der \u2013 verk\u00fcrzt gesagt \u2013 \u201eKolben\u201c- GmbH. \u201eVergangenen Winter hatten wir mit unseren Liften 32 Betriebstage\u201c, so Fend. Das sei viel zu wenig, um ein rentierliches  Unternehmen f\u00fchren zu k\u00f6nnen. \u201eWir mussten handeln!\u201c<\/div>\n","protected":false},"excerpt":{"rendered":"<p>Den Klimawandel kann Klement Fend aus den Unterlagen der \u201aAktivArena am Kolben\u2018 herauslesen. Der fr\u00fchere B\u00fcrgermeister von Oberammergau ist einer von neun Gesellschaftern und gleichzeitig Gesch\u00e4ftsf\u00fchrer der \u2013 verk\u00fcrzt gesagt \u2013 \u201eKolben\u201c- GmbH. \u201eVergangenen Winter hatten wir mit unseren Liften 32 Betriebstage\u201c, so Fend. Das sei viel zu wenig, um ein rentierliches Unternehmen f\u00fchren zu k\u00f6nnen. \u201eWir mussten handeln!\u201c<\/p>\n","protected":false},"author":4,"featured_media":0,"comment_status":"closed","ping_status":"open","sticky":false,"template":"","format":"standard","meta":[],"categories":[2],"tags":[],"_links":{"self":[{"href":"http:\/\/cms.mtsomnii.de\/w7\/wp-json\/wp\/v2\/posts\/19914"}],"collection":[{"href":"http:\/\/cms.mtsomnii.de\/w7\/wp-json\/wp\/v2\/posts"}],"about":[{"href":"http:\/\/cms.mtsomnii.de\/w7\/wp-json\/wp\/v2\/types\/post"}],"author":[{"embeddable":true,"href":"http:\/\/cms.mtsomnii.de\/w7\/wp-json\/wp\/v2\/users\/4"}],"replies":[{"embeddable":true,"href":"http:\/\/cms.mtsomnii.de\/w7\/wp-json\/wp\/v2\/comments?post=19914"}],"version-history":[{"count":0,"href":"http:\/\/cms.mtsomnii.de\/w7\/wp-json\/wp\/v2\/posts\/19914\/revisions"}],"wp:attachment":[{"href":"http:\/\/cms.mtsomnii.de\/w7\/wp-json\/wp\/v2\/media?parent=19914"}],"wp:term":[{"taxonomy":"category","embeddable":true,"href":"http:\/\/cms.mtsomnii.de\/w7\/wp-json\/wp\/v2\/categories?post=19914"},{"taxonomy":"post_tag","embeddable":true,"href":"http:\/\/cms.mtsomnii.de\/w7\/wp-json\/wp\/v2\/tags?post=19914"}],"curies":[{"name":"wp","href":"https:\/\/api.w.org\/{rel}","templated":true}]}}