{"id":20045,"date":"2025-01-24T18:55:18","date_gmt":"2025-01-24T17:55:18","guid":{"rendered":"http:\/\/cms.mtsomnii.de\/w7\/merkur-de-gap\/streit-im-gemeinderat-widerstand-gegen-csu-uebermacht-93534705-html-2-20045\/"},"modified":"2025-01-24T18:55:18","modified_gmt":"2025-01-24T17:55:18","slug":"streit-im-gemeinderat-widerstand-gegen-csu-uebermacht-93534705-html-2","status":"publish","type":"post","link":"http:\/\/cms.mtsomnii.de\/w7\/merkur-de-gap\/streit-im-gemeinderat-widerstand-gegen-csu-uebermacht-93534705-html-2-20045\/","title":{"rendered":"Streit im Gemeinderat: Fraktionen wittern CSU-\u00dcbermacht und leisten Widerstand"},"content":{"rendered":"<div>Die Aufl\u00f6sung des CSB hat die Machtverh\u00e4ltnisse im Garmisch-Partenkirchner Gemeinderat ver\u00e4ndert. Jetzt wurden die Ausschusssitze neu verteilt. Zw\u00f6lf R\u00e4te haben Beschwerde eingereicht.<\/div>\n","protected":false},"excerpt":{"rendered":"<p>Die Aufl\u00f6sung des CSB hat die Machtverh\u00e4ltnisse im Garmisch-Partenkirchner Gemeinderat ver\u00e4ndert. Jetzt wurden die Ausschusssitze neu verteilt. Zw\u00f6lf R\u00e4te haben Beschwerde eingereicht.<\/p>\n","protected":false},"author":5,"featured_media":0,"comment_status":"closed","ping_status":"open","sticky":false,"template":"","format":"standard","meta":[],"categories":[5],"tags":[],"_links":{"self":[{"href":"http:\/\/cms.mtsomnii.de\/w7\/wp-json\/wp\/v2\/posts\/20045"}],"collection":[{"href":"http:\/\/cms.mtsomnii.de\/w7\/wp-json\/wp\/v2\/posts"}],"about":[{"href":"http:\/\/cms.mtsomnii.de\/w7\/wp-json\/wp\/v2\/types\/post"}],"author":[{"embeddable":true,"href":"http:\/\/cms.mtsomnii.de\/w7\/wp-json\/wp\/v2\/users\/5"}],"replies":[{"embeddable":true,"href":"http:\/\/cms.mtsomnii.de\/w7\/wp-json\/wp\/v2\/comments?post=20045"}],"version-history":[{"count":0,"href":"http:\/\/cms.mtsomnii.de\/w7\/wp-json\/wp\/v2\/posts\/20045\/revisions"}],"wp:attachment":[{"href":"http:\/\/cms.mtsomnii.de\/w7\/wp-json\/wp\/v2\/media?parent=20045"}],"wp:term":[{"taxonomy":"category","embeddable":true,"href":"http:\/\/cms.mtsomnii.de\/w7\/wp-json\/wp\/v2\/categories?post=20045"},{"taxonomy":"post_tag","embeddable":true,"href":"http:\/\/cms.mtsomnii.de\/w7\/wp-json\/wp\/v2\/tags?post=20045"}],"curies":[{"name":"wp","href":"https:\/\/api.w.org\/{rel}","templated":true}]}}