{"id":20078,"date":"2025-01-27T18:00:00","date_gmt":"2025-01-27T17:00:00","guid":{"rendered":"http:\/\/cms.mtsomnii.de\/w7\/merkur-de-gap\/spektakulaerer-unfall-mann-78-vom-eigenen-pkw-ueberrollt-93538529-html-20078\/"},"modified":"2025-01-27T18:00:00","modified_gmt":"2025-01-27T17:00:00","slug":"spektakulaerer-unfall-mann-78-vom-eigenen-pkw-ueberrollt-93538529-html","status":"publish","type":"post","link":"http:\/\/cms.mtsomnii.de\/w7\/merkur-de-gap\/spektakulaerer-unfall-mann-78-vom-eigenen-pkw-ueberrollt-93538529-html-20078\/","title":{"rendered":"Mann (78) vom eigenen Pkw \u00fcberrollt"},"content":{"rendered":"<div>Der Mann scheint laut Polizei au\u00dfer Lebensgefahr. Er hatte bei Wallgau versucht, seinen ins Rollen geratenen Mercedes anzuhalten. Dieses Man\u00f6ver ging vollends schief.<\/div>\n","protected":false},"excerpt":{"rendered":"<p>Der Mann scheint laut Polizei au\u00dfer Lebensgefahr. Er hatte bei Wallgau versucht, seinen ins Rollen geratenen Mercedes anzuhalten. Dieses Man\u00f6ver ging vollends schief.<\/p>\n","protected":false},"author":5,"featured_media":0,"comment_status":"closed","ping_status":"open","sticky":false,"template":"","format":"standard","meta":[],"categories":[5],"tags":[],"_links":{"self":[{"href":"http:\/\/cms.mtsomnii.de\/w7\/wp-json\/wp\/v2\/posts\/20078"}],"collection":[{"href":"http:\/\/cms.mtsomnii.de\/w7\/wp-json\/wp\/v2\/posts"}],"about":[{"href":"http:\/\/cms.mtsomnii.de\/w7\/wp-json\/wp\/v2\/types\/post"}],"author":[{"embeddable":true,"href":"http:\/\/cms.mtsomnii.de\/w7\/wp-json\/wp\/v2\/users\/5"}],"replies":[{"embeddable":true,"href":"http:\/\/cms.mtsomnii.de\/w7\/wp-json\/wp\/v2\/comments?post=20078"}],"version-history":[{"count":0,"href":"http:\/\/cms.mtsomnii.de\/w7\/wp-json\/wp\/v2\/posts\/20078\/revisions"}],"wp:attachment":[{"href":"http:\/\/cms.mtsomnii.de\/w7\/wp-json\/wp\/v2\/media?parent=20078"}],"wp:term":[{"taxonomy":"category","embeddable":true,"href":"http:\/\/cms.mtsomnii.de\/w7\/wp-json\/wp\/v2\/categories?post=20078"},{"taxonomy":"post_tag","embeddable":true,"href":"http:\/\/cms.mtsomnii.de\/w7\/wp-json\/wp\/v2\/tags?post=20078"}],"curies":[{"name":"wp","href":"https:\/\/api.w.org\/{rel}","templated":true}]}}