{"id":20089,"date":"2025-01-28T07:00:00","date_gmt":"2025-01-28T06:00:00","guid":{"rendered":"http:\/\/cms.mtsomnii.de\/w7\/merkur-de-gap\/aufatmen-bei-der-feuerwehr-nach-sechs-jahren-planung-soll-in-diesem-jahr-endlich-losgehen-93538551-html-20089\/"},"modified":"2025-01-28T07:00:00","modified_gmt":"2025-01-28T06:00:00","slug":"aufatmen-bei-der-feuerwehr-nach-sechs-jahren-planung-soll-in-diesem-jahr-endlich-losgehen-93538551-html","status":"publish","type":"post","link":"http:\/\/cms.mtsomnii.de\/w7\/merkur-de-gap\/aufatmen-bei-der-feuerwehr-nach-sechs-jahren-planung-soll-in-diesem-jahr-endlich-losgehen-93538551-html-20089\/","title":{"rendered":"Nach sechs Jahren Planung soll\u2018s in diesem Jahr endlich losgehen"},"content":{"rendered":"<div>Die Planungen f\u00fcr die Erweiterung des Wallgauer Feuerwehrhauses laufen seit sechs Jahren. Allerh\u00f6chste Zeit f\u00fcr die Umsetzung. Am Gemeinderat scheitert\u2018s nicht. Dieser sprach sich \u2013 wie nicht anders zu erwarten \u2013 einstimmig f\u00fcr das l\u00e4ngst \u00fcberf\u00e4llige Projekt aus.<\/div>\n","protected":false},"excerpt":{"rendered":"<p>Die Planungen f\u00fcr die Erweiterung des Wallgauer Feuerwehrhauses laufen seit sechs Jahren. Allerh\u00f6chste Zeit f\u00fcr die Umsetzung. Am Gemeinderat scheitert\u2018s nicht. Dieser sprach sich \u2013 wie nicht anders zu erwarten \u2013 einstimmig f\u00fcr das l\u00e4ngst \u00fcberf\u00e4llige Projekt aus.<\/p>\n","protected":false},"author":5,"featured_media":0,"comment_status":"closed","ping_status":"open","sticky":false,"template":"","format":"standard","meta":[],"categories":[5],"tags":[],"_links":{"self":[{"href":"http:\/\/cms.mtsomnii.de\/w7\/wp-json\/wp\/v2\/posts\/20089"}],"collection":[{"href":"http:\/\/cms.mtsomnii.de\/w7\/wp-json\/wp\/v2\/posts"}],"about":[{"href":"http:\/\/cms.mtsomnii.de\/w7\/wp-json\/wp\/v2\/types\/post"}],"author":[{"embeddable":true,"href":"http:\/\/cms.mtsomnii.de\/w7\/wp-json\/wp\/v2\/users\/5"}],"replies":[{"embeddable":true,"href":"http:\/\/cms.mtsomnii.de\/w7\/wp-json\/wp\/v2\/comments?post=20089"}],"version-history":[{"count":0,"href":"http:\/\/cms.mtsomnii.de\/w7\/wp-json\/wp\/v2\/posts\/20089\/revisions"}],"wp:attachment":[{"href":"http:\/\/cms.mtsomnii.de\/w7\/wp-json\/wp\/v2\/media?parent=20089"}],"wp:term":[{"taxonomy":"category","embeddable":true,"href":"http:\/\/cms.mtsomnii.de\/w7\/wp-json\/wp\/v2\/categories?post=20089"},{"taxonomy":"post_tag","embeddable":true,"href":"http:\/\/cms.mtsomnii.de\/w7\/wp-json\/wp\/v2\/tags?post=20089"}],"curies":[{"name":"wp","href":"https:\/\/api.w.org\/{rel}","templated":true}]}}