{"id":20099,"date":"2025-01-30T12:00:00","date_gmt":"2025-01-30T11:00:00","guid":{"rendered":"http:\/\/cms.mtsomnii.de\/w7\/merkur-de-gap\/koenig-ludwig-lauf-2025-das-zweite-mal-in-folge-abgesagt-93543622-html-2-20099\/"},"modified":"2025-01-30T12:00:00","modified_gmt":"2025-01-30T11:00:00","slug":"koenig-ludwig-lauf-2025-das-zweite-mal-in-folge-abgesagt-93543622-html-2","status":"publish","type":"post","link":"http:\/\/cms.mtsomnii.de\/w7\/merkur-de-gap\/koenig-ludwig-lauf-2025-das-zweite-mal-in-folge-abgesagt-93543622-html-2-20099\/","title":{"rendered":"K\u00f6nig Ludwig Lauf 2025 \u2013 das zweite Mal in Folge abgesagt"},"content":{"rendered":"<div>Es ist ein besonderer Lauf der \u2013 theoretisch \u2013 j\u00e4hrlich im Ammertal stattfindet. Ein Lauf, an dem \u00fcber 4.000 Sportler aus aller Welt teilnehmen k\u00f6nnen: Der K\u00f6nig Ludwig Lauf.<\/div>\n","protected":false},"excerpt":{"rendered":"<p>Es ist ein besonderer Lauf der \u2013 theoretisch \u2013 j\u00e4hrlich im Ammertal stattfindet. Ein Lauf, an dem \u00fcber 4.000 Sportler aus aller Welt teilnehmen k\u00f6nnen: Der K\u00f6nig Ludwig Lauf.<\/p>\n","protected":false},"author":5,"featured_media":0,"comment_status":"closed","ping_status":"open","sticky":false,"template":"","format":"standard","meta":[],"categories":[5],"tags":[],"_links":{"self":[{"href":"http:\/\/cms.mtsomnii.de\/w7\/wp-json\/wp\/v2\/posts\/20099"}],"collection":[{"href":"http:\/\/cms.mtsomnii.de\/w7\/wp-json\/wp\/v2\/posts"}],"about":[{"href":"http:\/\/cms.mtsomnii.de\/w7\/wp-json\/wp\/v2\/types\/post"}],"author":[{"embeddable":true,"href":"http:\/\/cms.mtsomnii.de\/w7\/wp-json\/wp\/v2\/users\/5"}],"replies":[{"embeddable":true,"href":"http:\/\/cms.mtsomnii.de\/w7\/wp-json\/wp\/v2\/comments?post=20099"}],"version-history":[{"count":0,"href":"http:\/\/cms.mtsomnii.de\/w7\/wp-json\/wp\/v2\/posts\/20099\/revisions"}],"wp:attachment":[{"href":"http:\/\/cms.mtsomnii.de\/w7\/wp-json\/wp\/v2\/media?parent=20099"}],"wp:term":[{"taxonomy":"category","embeddable":true,"href":"http:\/\/cms.mtsomnii.de\/w7\/wp-json\/wp\/v2\/categories?post=20099"},{"taxonomy":"post_tag","embeddable":true,"href":"http:\/\/cms.mtsomnii.de\/w7\/wp-json\/wp\/v2\/tags?post=20099"}],"curies":[{"name":"wp","href":"https:\/\/api.w.org\/{rel}","templated":true}]}}