{"id":20108,"date":"2025-01-31T10:11:00","date_gmt":"2025-01-31T09:11:00","guid":{"rendered":"http:\/\/cms.mtsomnii.de\/w7\/merkur-de-gap\/murnau-bayern-baumfaellaktion-sorgt-fuer-entsetzen-93545955-html-20108\/"},"modified":"2025-01-31T10:11:00","modified_gmt":"2025-01-31T09:11:00","slug":"murnau-bayern-baumfaellaktion-sorgt-fuer-entsetzen-93545955-html","status":"publish","type":"post","link":"http:\/\/cms.mtsomnii.de\/w7\/merkur-de-gap\/murnau-bayern-baumfaellaktion-sorgt-fuer-entsetzen-93545955-html-20108\/","title":{"rendered":"\u201eTabula Rasa\u201c an Kohlgruber Stra\u00dfe: Baumf\u00e4llaktion sorgt f\u00fcr Entsetzen"},"content":{"rendered":"<div>Eine F\u00e4llaktion des Marktes Murnau an der Kohlgruber Stra\u00dfe sorgt f\u00fcr heftige Kritik. Die Gemeinde will an der Stelle einen Geh- und Radweg verwirklichen.<\/div>\n","protected":false},"excerpt":{"rendered":"<p>Eine F\u00e4llaktion des Marktes Murnau an der Kohlgruber Stra\u00dfe sorgt f\u00fcr heftige Kritik. Die Gemeinde will an der Stelle einen Geh- und Radweg verwirklichen.<\/p>\n","protected":false},"author":5,"featured_media":0,"comment_status":"closed","ping_status":"open","sticky":false,"template":"","format":"standard","meta":[],"categories":[5],"tags":[],"_links":{"self":[{"href":"http:\/\/cms.mtsomnii.de\/w7\/wp-json\/wp\/v2\/posts\/20108"}],"collection":[{"href":"http:\/\/cms.mtsomnii.de\/w7\/wp-json\/wp\/v2\/posts"}],"about":[{"href":"http:\/\/cms.mtsomnii.de\/w7\/wp-json\/wp\/v2\/types\/post"}],"author":[{"embeddable":true,"href":"http:\/\/cms.mtsomnii.de\/w7\/wp-json\/wp\/v2\/users\/5"}],"replies":[{"embeddable":true,"href":"http:\/\/cms.mtsomnii.de\/w7\/wp-json\/wp\/v2\/comments?post=20108"}],"version-history":[{"count":0,"href":"http:\/\/cms.mtsomnii.de\/w7\/wp-json\/wp\/v2\/posts\/20108\/revisions"}],"wp:attachment":[{"href":"http:\/\/cms.mtsomnii.de\/w7\/wp-json\/wp\/v2\/media?parent=20108"}],"wp:term":[{"taxonomy":"category","embeddable":true,"href":"http:\/\/cms.mtsomnii.de\/w7\/wp-json\/wp\/v2\/categories?post=20108"},{"taxonomy":"post_tag","embeddable":true,"href":"http:\/\/cms.mtsomnii.de\/w7\/wp-json\/wp\/v2\/tags?post=20108"}],"curies":[{"name":"wp","href":"https:\/\/api.w.org\/{rel}","templated":true}]}}