{"id":20391,"date":"2025-03-08T08:00:00","date_gmt":"2025-03-08T07:00:00","guid":{"rendered":"http:\/\/cms.mtsomnii.de\/w7\/merkur-de-gap\/neue-impulse-fuer-den-tourismus-zugspitz-region-fokus-auf-nachhaltigkeit-und-digitalisierung-93609392-html-2-20391\/"},"modified":"2025-03-08T08:00:00","modified_gmt":"2025-03-08T07:00:00","slug":"neue-impulse-fuer-den-tourismus-zugspitz-region-fokus-auf-nachhaltigkeit-und-digitalisierung-93609392-html-2","status":"publish","type":"post","link":"http:\/\/cms.mtsomnii.de\/w7\/merkur-de-gap\/neue-impulse-fuer-den-tourismus-zugspitz-region-fokus-auf-nachhaltigkeit-und-digitalisierung-93609392-html-2-20391\/","title":{"rendered":"Zugspitz Region: Fokus auf Nachhaltigkeit und Digitalisierung"},"content":{"rendered":"<div>GAP \u2013 Ein Wechsel in der F\u00fchrungsspitze der Zugspitz Region GmbH: Am 1. M\u00e4rz \u00fcbernahm Martina Nyvlt die Position der Tourismusmanagerin und tritt damit die Nachfolge von Philipp Holz an. Bereits seit Mai 2024 ist sie als Projektkoordinatorin im Unternehmen t\u00e4tig und verantwortete bislang die Bereiche Digitalisierung und Datenbankmanagement. Nun wird sie ihre Expertise in einer noch gr\u00f6\u00dferen Bandbreite einbringen.<\/div>\n","protected":false},"excerpt":{"rendered":"<p>GAP \u2013 Ein Wechsel in der F\u00fchrungsspitze der Zugspitz Region GmbH: Am 1. M\u00e4rz \u00fcbernahm Martina Nyvlt die Position der Tourismusmanagerin und tritt damit die Nachfolge von Philipp Holz an. Bereits seit Mai 2024 ist sie als Projektkoordinatorin im Unternehmen t\u00e4tig und verantwortete bislang die Bereiche Digitalisierung und Datenbankmanagement. Nun wird sie ihre Expertise in einer noch gr\u00f6\u00dferen Bandbreite einbringen.<\/p>\n","protected":false},"author":5,"featured_media":0,"comment_status":"closed","ping_status":"open","sticky":false,"template":"","format":"standard","meta":[],"categories":[5],"tags":[],"_links":{"self":[{"href":"http:\/\/cms.mtsomnii.de\/w7\/wp-json\/wp\/v2\/posts\/20391"}],"collection":[{"href":"http:\/\/cms.mtsomnii.de\/w7\/wp-json\/wp\/v2\/posts"}],"about":[{"href":"http:\/\/cms.mtsomnii.de\/w7\/wp-json\/wp\/v2\/types\/post"}],"author":[{"embeddable":true,"href":"http:\/\/cms.mtsomnii.de\/w7\/wp-json\/wp\/v2\/users\/5"}],"replies":[{"embeddable":true,"href":"http:\/\/cms.mtsomnii.de\/w7\/wp-json\/wp\/v2\/comments?post=20391"}],"version-history":[{"count":0,"href":"http:\/\/cms.mtsomnii.de\/w7\/wp-json\/wp\/v2\/posts\/20391\/revisions"}],"wp:attachment":[{"href":"http:\/\/cms.mtsomnii.de\/w7\/wp-json\/wp\/v2\/media?parent=20391"}],"wp:term":[{"taxonomy":"category","embeddable":true,"href":"http:\/\/cms.mtsomnii.de\/w7\/wp-json\/wp\/v2\/categories?post=20391"},{"taxonomy":"post_tag","embeddable":true,"href":"http:\/\/cms.mtsomnii.de\/w7\/wp-json\/wp\/v2\/tags?post=20391"}],"curies":[{"name":"wp","href":"https:\/\/api.w.org\/{rel}","templated":true}]}}