{"id":20433,"date":"2025-03-20T07:00:00","date_gmt":"2025-03-20T06:00:00","guid":{"rendered":"http:\/\/cms.mtsomnii.de\/w7\/merkur-de-gap\/wegen-sicherheitsbedenken-schnitzschulstrasse-ab-sofort-gesperrt-93635998-html-20433\/"},"modified":"2025-03-20T07:00:00","modified_gmt":"2025-03-20T06:00:00","slug":"wegen-sicherheitsbedenken-schnitzschulstrasse-ab-sofort-gesperrt-93635998-html","status":"publish","type":"post","link":"http:\/\/cms.mtsomnii.de\/w7\/merkur-de-gap\/wegen-sicherheitsbedenken-schnitzschulstrasse-ab-sofort-gesperrt-93635998-html-20433\/","title":{"rendered":"Wegen Sicherheitsbedenken: Schnitzschulstra\u00dfe ab sofort gesperrt"},"content":{"rendered":"<div>Die Schnitzschulstra\u00dfe in Garmisch-Partenkirchen bleibt ab Donnerstag, 20. M\u00e4rz, f\u00fcr mehrere Wochen komplett gesperrt. Im Rathaus verweist man auf die Sicherheit der Verkehrsteilnehmer.<\/div>\n","protected":false},"excerpt":{"rendered":"<p>Die Schnitzschulstra\u00dfe in Garmisch-Partenkirchen bleibt ab Donnerstag, 20. M\u00e4rz, f\u00fcr mehrere Wochen komplett gesperrt. Im Rathaus verweist man auf die Sicherheit der Verkehrsteilnehmer.<\/p>\n","protected":false},"author":5,"featured_media":0,"comment_status":"closed","ping_status":"open","sticky":false,"template":"","format":"standard","meta":[],"categories":[5],"tags":[],"_links":{"self":[{"href":"http:\/\/cms.mtsomnii.de\/w7\/wp-json\/wp\/v2\/posts\/20433"}],"collection":[{"href":"http:\/\/cms.mtsomnii.de\/w7\/wp-json\/wp\/v2\/posts"}],"about":[{"href":"http:\/\/cms.mtsomnii.de\/w7\/wp-json\/wp\/v2\/types\/post"}],"author":[{"embeddable":true,"href":"http:\/\/cms.mtsomnii.de\/w7\/wp-json\/wp\/v2\/users\/5"}],"replies":[{"embeddable":true,"href":"http:\/\/cms.mtsomnii.de\/w7\/wp-json\/wp\/v2\/comments?post=20433"}],"version-history":[{"count":0,"href":"http:\/\/cms.mtsomnii.de\/w7\/wp-json\/wp\/v2\/posts\/20433\/revisions"}],"wp:attachment":[{"href":"http:\/\/cms.mtsomnii.de\/w7\/wp-json\/wp\/v2\/media?parent=20433"}],"wp:term":[{"taxonomy":"category","embeddable":true,"href":"http:\/\/cms.mtsomnii.de\/w7\/wp-json\/wp\/v2\/categories?post=20433"},{"taxonomy":"post_tag","embeddable":true,"href":"http:\/\/cms.mtsomnii.de\/w7\/wp-json\/wp\/v2\/tags?post=20433"}],"curies":[{"name":"wp","href":"https:\/\/api.w.org\/{rel}","templated":true}]}}