{"id":20462,"date":"2025-03-25T14:55:02","date_gmt":"2025-03-25T13:55:02","guid":{"rendered":"http:\/\/cms.mtsomnii.de\/w7\/merkur-de-gap\/kampf-gegen-plakat-wildwuchs-93647037-html-20462\/"},"modified":"2025-03-25T14:55:02","modified_gmt":"2025-03-25T13:55:02","slug":"kampf-gegen-plakat-wildwuchs-93647037-html","status":"publish","type":"post","link":"http:\/\/cms.mtsomnii.de\/w7\/merkur-de-gap\/kampf-gegen-plakat-wildwuchs-93647037-html-20462\/","title":{"rendered":"Kampf gegen Plakat-Wildwuchs"},"content":{"rendered":"<div>Die Marktgemeinde Garmisch-Partenkirchen strebt einheitliche Geb\u00fchren f\u00fcr Plakate und Banner auf den gemeindeeigenen Werbefl\u00e4chen an. Politische Werbung soll dort k\u00fcnftig untersagt werden.<\/div>\n","protected":false},"excerpt":{"rendered":"<p>Die Marktgemeinde Garmisch-Partenkirchen strebt einheitliche Geb\u00fchren f\u00fcr Plakate und Banner auf den gemeindeeigenen Werbefl\u00e4chen an. Politische Werbung soll dort k\u00fcnftig untersagt werden.<\/p>\n","protected":false},"author":5,"featured_media":0,"comment_status":"closed","ping_status":"open","sticky":false,"template":"","format":"standard","meta":[],"categories":[5],"tags":[],"_links":{"self":[{"href":"http:\/\/cms.mtsomnii.de\/w7\/wp-json\/wp\/v2\/posts\/20462"}],"collection":[{"href":"http:\/\/cms.mtsomnii.de\/w7\/wp-json\/wp\/v2\/posts"}],"about":[{"href":"http:\/\/cms.mtsomnii.de\/w7\/wp-json\/wp\/v2\/types\/post"}],"author":[{"embeddable":true,"href":"http:\/\/cms.mtsomnii.de\/w7\/wp-json\/wp\/v2\/users\/5"}],"replies":[{"embeddable":true,"href":"http:\/\/cms.mtsomnii.de\/w7\/wp-json\/wp\/v2\/comments?post=20462"}],"version-history":[{"count":0,"href":"http:\/\/cms.mtsomnii.de\/w7\/wp-json\/wp\/v2\/posts\/20462\/revisions"}],"wp:attachment":[{"href":"http:\/\/cms.mtsomnii.de\/w7\/wp-json\/wp\/v2\/media?parent=20462"}],"wp:term":[{"taxonomy":"category","embeddable":true,"href":"http:\/\/cms.mtsomnii.de\/w7\/wp-json\/wp\/v2\/categories?post=20462"},{"taxonomy":"post_tag","embeddable":true,"href":"http:\/\/cms.mtsomnii.de\/w7\/wp-json\/wp\/v2\/tags?post=20462"}],"curies":[{"name":"wp","href":"https:\/\/api.w.org\/{rel}","templated":true}]}}