{"id":20465,"date":"2025-03-26T07:00:00","date_gmt":"2025-03-26T06:00:00","guid":{"rendered":"http:\/\/cms.mtsomnii.de\/w7\/merkur-de-gap\/aufatmen-im-rathaus-wallgau-tourismus-dorf-bekommt-wieder-postfiliale-93647392-html-20465\/"},"modified":"2025-03-26T07:00:00","modified_gmt":"2025-03-26T06:00:00","slug":"aufatmen-im-rathaus-wallgau-tourismus-dorf-bekommt-wieder-postfiliale-93647392-html","status":"publish","type":"post","link":"http:\/\/cms.mtsomnii.de\/w7\/merkur-de-gap\/aufatmen-im-rathaus-wallgau-tourismus-dorf-bekommt-wieder-postfiliale-93647392-html-20465\/","title":{"rendered":"Aufatmen im Rathaus: Tourismus-Dorf bekommt wieder Postfiliale"},"content":{"rendered":"<div>B\u00fcrgermeister Bastian Eiter spricht von einer \u201esehr erfreulichen Nachricht\u201c. Denn nach einer verh\u00e4ltnism\u00e4\u00dfig kurzen Zwangspause gibt es ab 8. April in Wallgau wieder eine zentrale Anlaufstelle f\u00fcr Postkunden \u2013 und zwar im Dorfladen.<\/div>\n","protected":false},"excerpt":{"rendered":"<p>B\u00fcrgermeister Bastian Eiter spricht von einer \u201esehr erfreulichen Nachricht\u201c. Denn nach einer verh\u00e4ltnism\u00e4\u00dfig kurzen Zwangspause gibt es ab 8. April in Wallgau wieder eine zentrale Anlaufstelle f\u00fcr Postkunden \u2013 und zwar im Dorfladen.<\/p>\n","protected":false},"author":5,"featured_media":0,"comment_status":"closed","ping_status":"open","sticky":false,"template":"","format":"standard","meta":[],"categories":[5],"tags":[],"_links":{"self":[{"href":"http:\/\/cms.mtsomnii.de\/w7\/wp-json\/wp\/v2\/posts\/20465"}],"collection":[{"href":"http:\/\/cms.mtsomnii.de\/w7\/wp-json\/wp\/v2\/posts"}],"about":[{"href":"http:\/\/cms.mtsomnii.de\/w7\/wp-json\/wp\/v2\/types\/post"}],"author":[{"embeddable":true,"href":"http:\/\/cms.mtsomnii.de\/w7\/wp-json\/wp\/v2\/users\/5"}],"replies":[{"embeddable":true,"href":"http:\/\/cms.mtsomnii.de\/w7\/wp-json\/wp\/v2\/comments?post=20465"}],"version-history":[{"count":0,"href":"http:\/\/cms.mtsomnii.de\/w7\/wp-json\/wp\/v2\/posts\/20465\/revisions"}],"wp:attachment":[{"href":"http:\/\/cms.mtsomnii.de\/w7\/wp-json\/wp\/v2\/media?parent=20465"}],"wp:term":[{"taxonomy":"category","embeddable":true,"href":"http:\/\/cms.mtsomnii.de\/w7\/wp-json\/wp\/v2\/categories?post=20465"},{"taxonomy":"post_tag","embeddable":true,"href":"http:\/\/cms.mtsomnii.de\/w7\/wp-json\/wp\/v2\/tags?post=20465"}],"curies":[{"name":"wp","href":"https:\/\/api.w.org\/{rel}","templated":true}]}}