{"id":20513,"date":"2025-04-03T10:30:19","date_gmt":"2025-04-03T08:30:19","guid":{"rendered":"http:\/\/cms.mtsomnii.de\/w7\/merkur-de-gap\/kulturgeld-fliesst-staatsregierung-foerdert-projekte-mit-millionenbetrag-93664189-html-20513\/"},"modified":"2025-04-03T10:30:19","modified_gmt":"2025-04-03T08:30:19","slug":"kulturgeld-fliesst-staatsregierung-foerdert-projekte-mit-millionenbetrag-93664189-html","status":"publish","type":"post","link":"http:\/\/cms.mtsomnii.de\/w7\/merkur-de-gap\/kulturgeld-fliesst-staatsregierung-foerdert-projekte-mit-millionenbetrag-93664189-html-20513\/","title":{"rendered":"Staatsregierung f\u00f6rdert Projekte mit Millionenbetrag"},"content":{"rendered":"<div>Die bayerische Staatsregierung unterst\u00fctzt auch in diesem Jahr wieder eine Vielzahl kultureller Projekte im Oberland. M\u00f6glich macht dies der Kulturfonds Bayern, aus dem insgesamt 4,5 Millionen Euro f\u00fcr Kulturinitiativen im gesamten Freistaat bereitgestellt werden.<\/div>\n","protected":false},"excerpt":{"rendered":"<p>Die bayerische Staatsregierung unterst\u00fctzt auch in diesem Jahr wieder eine Vielzahl kultureller Projekte im Oberland. M\u00f6glich macht dies der Kulturfonds Bayern, aus dem insgesamt 4,5 Millionen Euro f\u00fcr Kulturinitiativen im gesamten Freistaat bereitgestellt werden.<\/p>\n","protected":false},"author":5,"featured_media":0,"comment_status":"closed","ping_status":"open","sticky":false,"template":"","format":"standard","meta":[],"categories":[5],"tags":[],"_links":{"self":[{"href":"http:\/\/cms.mtsomnii.de\/w7\/wp-json\/wp\/v2\/posts\/20513"}],"collection":[{"href":"http:\/\/cms.mtsomnii.de\/w7\/wp-json\/wp\/v2\/posts"}],"about":[{"href":"http:\/\/cms.mtsomnii.de\/w7\/wp-json\/wp\/v2\/types\/post"}],"author":[{"embeddable":true,"href":"http:\/\/cms.mtsomnii.de\/w7\/wp-json\/wp\/v2\/users\/5"}],"replies":[{"embeddable":true,"href":"http:\/\/cms.mtsomnii.de\/w7\/wp-json\/wp\/v2\/comments?post=20513"}],"version-history":[{"count":0,"href":"http:\/\/cms.mtsomnii.de\/w7\/wp-json\/wp\/v2\/posts\/20513\/revisions"}],"wp:attachment":[{"href":"http:\/\/cms.mtsomnii.de\/w7\/wp-json\/wp\/v2\/media?parent=20513"}],"wp:term":[{"taxonomy":"category","embeddable":true,"href":"http:\/\/cms.mtsomnii.de\/w7\/wp-json\/wp\/v2\/categories?post=20513"},{"taxonomy":"post_tag","embeddable":true,"href":"http:\/\/cms.mtsomnii.de\/w7\/wp-json\/wp\/v2\/tags?post=20513"}],"curies":[{"name":"wp","href":"https:\/\/api.w.org\/{rel}","templated":true}]}}