{"id":20654,"date":"2025-04-22T07:00:00","date_gmt":"2025-04-22T05:00:00","guid":{"rendered":"http:\/\/cms.mtsomnii.de\/w7\/merkur-de-gap\/charme-offensive-in-zuerich-alpenwelt-karwendel-was-den-schweizer-urlauber-so-interessant-macht-93692483-html-20654\/"},"modified":"2025-04-22T07:00:00","modified_gmt":"2025-04-22T05:00:00","slug":"charme-offensive-in-zuerich-alpenwelt-karwendel-was-den-schweizer-urlauber-so-interessant-macht-93692483-html","status":"publish","type":"post","link":"http:\/\/cms.mtsomnii.de\/w7\/merkur-de-gap\/charme-offensive-in-zuerich-alpenwelt-karwendel-was-den-schweizer-urlauber-so-interessant-macht-93692483-html-20654\/","title":{"rendered":"Alpenwelt Karwendel: Was den Schweizer Urlauber so interessant macht"},"content":{"rendered":"<div>Mehr Eidgenossen braucht das Land \u2013 so k\u00f6nnte man die Werbeoffensive der Isartaler Tourismus-GmbH Alpenwelt Karwendel umschreiben. Es gibt mehrere handfeste Gr\u00fcnde, warum Schweizer G\u00e4ste f\u00fcr das Obere Isartal immer interessanter werden.<\/div>\n","protected":false},"excerpt":{"rendered":"<p>Mehr Eidgenossen braucht das Land \u2013 so k\u00f6nnte man die Werbeoffensive der Isartaler Tourismus-GmbH Alpenwelt Karwendel umschreiben. Es gibt mehrere handfeste Gr\u00fcnde, warum Schweizer G\u00e4ste f\u00fcr das Obere Isartal immer interessanter werden.<\/p>\n","protected":false},"author":5,"featured_media":0,"comment_status":"closed","ping_status":"open","sticky":false,"template":"","format":"standard","meta":[],"categories":[5],"tags":[],"_links":{"self":[{"href":"http:\/\/cms.mtsomnii.de\/w7\/wp-json\/wp\/v2\/posts\/20654"}],"collection":[{"href":"http:\/\/cms.mtsomnii.de\/w7\/wp-json\/wp\/v2\/posts"}],"about":[{"href":"http:\/\/cms.mtsomnii.de\/w7\/wp-json\/wp\/v2\/types\/post"}],"author":[{"embeddable":true,"href":"http:\/\/cms.mtsomnii.de\/w7\/wp-json\/wp\/v2\/users\/5"}],"replies":[{"embeddable":true,"href":"http:\/\/cms.mtsomnii.de\/w7\/wp-json\/wp\/v2\/comments?post=20654"}],"version-history":[{"count":0,"href":"http:\/\/cms.mtsomnii.de\/w7\/wp-json\/wp\/v2\/posts\/20654\/revisions"}],"wp:attachment":[{"href":"http:\/\/cms.mtsomnii.de\/w7\/wp-json\/wp\/v2\/media?parent=20654"}],"wp:term":[{"taxonomy":"category","embeddable":true,"href":"http:\/\/cms.mtsomnii.de\/w7\/wp-json\/wp\/v2\/categories?post=20654"},{"taxonomy":"post_tag","embeddable":true,"href":"http:\/\/cms.mtsomnii.de\/w7\/wp-json\/wp\/v2\/tags?post=20654"}],"curies":[{"name":"wp","href":"https:\/\/api.w.org\/{rel}","templated":true}]}}