{"id":20674,"date":"2025-04-24T11:35:53","date_gmt":"2025-04-24T09:35:53","guid":{"rendered":"http:\/\/cms.mtsomnii.de\/w7\/merkur-de-gap\/zwei-ortszentren-zwei-welten-partenkirchen-buhlt-um-mehr-besucher-93697718-html-2-20674\/"},"modified":"2025-04-24T11:35:53","modified_gmt":"2025-04-24T09:35:53","slug":"zwei-ortszentren-zwei-welten-partenkirchen-buhlt-um-mehr-besucher-93697718-html-2","status":"publish","type":"post","link":"http:\/\/cms.mtsomnii.de\/w7\/merkur-de-gap\/zwei-ortszentren-zwei-welten-partenkirchen-buhlt-um-mehr-besucher-93697718-html-2-20674\/","title":{"rendered":"Zwei Ortszentren, zwei Welten: Partenkirchen buhlt um mehr Besucher"},"content":{"rendered":"<div>Die Garmischer Fu\u00dfg\u00e4ngerzone freut sich \u00fcber viele Kunden und neue Gesch\u00e4fte. In Partenkirchen hingegen ist der Zulauf eher mau.<\/div>\n","protected":false},"excerpt":{"rendered":"<p>Die Garmischer Fu\u00dfg\u00e4ngerzone freut sich \u00fcber viele Kunden und neue Gesch\u00e4fte. In Partenkirchen hingegen ist der Zulauf eher mau.<\/p>\n","protected":false},"author":5,"featured_media":0,"comment_status":"closed","ping_status":"open","sticky":false,"template":"","format":"standard","meta":[],"categories":[5],"tags":[],"_links":{"self":[{"href":"http:\/\/cms.mtsomnii.de\/w7\/wp-json\/wp\/v2\/posts\/20674"}],"collection":[{"href":"http:\/\/cms.mtsomnii.de\/w7\/wp-json\/wp\/v2\/posts"}],"about":[{"href":"http:\/\/cms.mtsomnii.de\/w7\/wp-json\/wp\/v2\/types\/post"}],"author":[{"embeddable":true,"href":"http:\/\/cms.mtsomnii.de\/w7\/wp-json\/wp\/v2\/users\/5"}],"replies":[{"embeddable":true,"href":"http:\/\/cms.mtsomnii.de\/w7\/wp-json\/wp\/v2\/comments?post=20674"}],"version-history":[{"count":0,"href":"http:\/\/cms.mtsomnii.de\/w7\/wp-json\/wp\/v2\/posts\/20674\/revisions"}],"wp:attachment":[{"href":"http:\/\/cms.mtsomnii.de\/w7\/wp-json\/wp\/v2\/media?parent=20674"}],"wp:term":[{"taxonomy":"category","embeddable":true,"href":"http:\/\/cms.mtsomnii.de\/w7\/wp-json\/wp\/v2\/categories?post=20674"},{"taxonomy":"post_tag","embeddable":true,"href":"http:\/\/cms.mtsomnii.de\/w7\/wp-json\/wp\/v2\/tags?post=20674"}],"curies":[{"name":"wp","href":"https:\/\/api.w.org\/{rel}","templated":true}]}}