{"id":20768,"date":"2025-05-08T12:00:00","date_gmt":"2025-05-08T10:00:00","guid":{"rendered":"http:\/\/cms.mtsomnii.de\/w7\/kreisbote-gap\/naturparkregion-ammergauer-alpen-wird-fahrradfreundlicher-93720722-html-20768\/"},"modified":"2025-05-08T12:00:00","modified_gmt":"2025-05-08T10:00:00","slug":"naturparkregion-ammergauer-alpen-wird-fahrradfreundlicher-93720722-html","status":"publish","type":"post","link":"http:\/\/cms.mtsomnii.de\/w7\/kreisbote-gap\/naturparkregion-ammergauer-alpen-wird-fahrradfreundlicher-93720722-html-20768\/","title":{"rendered":"Naturparkregion Ammergauer Alpen wird fahrradfreundlicher"},"content":{"rendered":"<div>Die Naturparkregion wird fahrradfreundlicher denn je: Dank Unterst\u00fctzung der Ammer-Loisach Energie GmbH und des ADAC S\u00fcdbayern wurde in den letzten Monaten ein fl\u00e4chendeckendes Netz aus kostenlosen E-Bike-Lades\u00e4ulen und Fahrrad-Service-Stationen in den Ammertal-Gemeinden realisiert und das bestehende Netz erweitert.<\/div>\n","protected":false},"excerpt":{"rendered":"<p>Die Naturparkregion wird fahrradfreundlicher denn je: Dank Unterst\u00fctzung der Ammer-Loisach Energie GmbH und des ADAC S\u00fcdbayern wurde in den letzten Monaten ein fl\u00e4chendeckendes Netz aus kostenlosen E-Bike-Lades\u00e4ulen und Fahrrad-Service-Stationen in den Ammertal-Gemeinden realisiert und das bestehende Netz erweitert.<\/p>\n","protected":false},"author":4,"featured_media":0,"comment_status":"closed","ping_status":"open","sticky":false,"template":"","format":"standard","meta":[],"categories":[2],"tags":[],"_links":{"self":[{"href":"http:\/\/cms.mtsomnii.de\/w7\/wp-json\/wp\/v2\/posts\/20768"}],"collection":[{"href":"http:\/\/cms.mtsomnii.de\/w7\/wp-json\/wp\/v2\/posts"}],"about":[{"href":"http:\/\/cms.mtsomnii.de\/w7\/wp-json\/wp\/v2\/types\/post"}],"author":[{"embeddable":true,"href":"http:\/\/cms.mtsomnii.de\/w7\/wp-json\/wp\/v2\/users\/4"}],"replies":[{"embeddable":true,"href":"http:\/\/cms.mtsomnii.de\/w7\/wp-json\/wp\/v2\/comments?post=20768"}],"version-history":[{"count":0,"href":"http:\/\/cms.mtsomnii.de\/w7\/wp-json\/wp\/v2\/posts\/20768\/revisions"}],"wp:attachment":[{"href":"http:\/\/cms.mtsomnii.de\/w7\/wp-json\/wp\/v2\/media?parent=20768"}],"wp:term":[{"taxonomy":"category","embeddable":true,"href":"http:\/\/cms.mtsomnii.de\/w7\/wp-json\/wp\/v2\/categories?post=20768"},{"taxonomy":"post_tag","embeddable":true,"href":"http:\/\/cms.mtsomnii.de\/w7\/wp-json\/wp\/v2\/tags?post=20768"}],"curies":[{"name":"wp","href":"https:\/\/api.w.org\/{rel}","templated":true}]}}