{"id":20785,"date":"2025-05-10T16:00:00","date_gmt":"2025-05-10T14:00:00","guid":{"rendered":"http:\/\/cms.mtsomnii.de\/w7\/kreisbote-gap\/lebendiger-brauch-neue-wahrzeichen-fuer-gemeinden-maibaeume-werden-im-landkreis-aufgestellt-93720743-html-20785\/"},"modified":"2025-05-10T16:00:00","modified_gmt":"2025-05-10T14:00:00","slug":"lebendiger-brauch-neue-wahrzeichen-fuer-gemeinden-maibaeume-werden-im-landkreis-aufgestellt-93720743-html","status":"publish","type":"post","link":"http:\/\/cms.mtsomnii.de\/w7\/kreisbote-gap\/lebendiger-brauch-neue-wahrzeichen-fuer-gemeinden-maibaeume-werden-im-landkreis-aufgestellt-93720743-html-20785\/","title":{"rendered":"Neue Wahrzeichen f\u00fcr Gemeinden: Maib\u00e4ume werden im Landkreis aufgestellt"},"content":{"rendered":"<div>Als der erste Vogelruf durch den n\u00e4chtlichen Wald hallte, waren sie schon da: die M\u00e4nner des Trachtenvereins D\u2019Illingstoana aus Ohlstadt, ausger\u00fcstet mit S\u00e4gen, Helmen und einer ordentlichen Portion Heimatliebe.<\/div>\n","protected":false},"excerpt":{"rendered":"<p>Als der erste Vogelruf durch den n\u00e4chtlichen Wald hallte, waren sie schon da: die M\u00e4nner des Trachtenvereins D\u2019Illingstoana aus Ohlstadt, ausger\u00fcstet mit S\u00e4gen, Helmen und einer ordentlichen Portion Heimatliebe.<\/p>\n","protected":false},"author":4,"featured_media":0,"comment_status":"closed","ping_status":"open","sticky":false,"template":"","format":"standard","meta":[],"categories":[2],"tags":[],"_links":{"self":[{"href":"http:\/\/cms.mtsomnii.de\/w7\/wp-json\/wp\/v2\/posts\/20785"}],"collection":[{"href":"http:\/\/cms.mtsomnii.de\/w7\/wp-json\/wp\/v2\/posts"}],"about":[{"href":"http:\/\/cms.mtsomnii.de\/w7\/wp-json\/wp\/v2\/types\/post"}],"author":[{"embeddable":true,"href":"http:\/\/cms.mtsomnii.de\/w7\/wp-json\/wp\/v2\/users\/4"}],"replies":[{"embeddable":true,"href":"http:\/\/cms.mtsomnii.de\/w7\/wp-json\/wp\/v2\/comments?post=20785"}],"version-history":[{"count":0,"href":"http:\/\/cms.mtsomnii.de\/w7\/wp-json\/wp\/v2\/posts\/20785\/revisions"}],"wp:attachment":[{"href":"http:\/\/cms.mtsomnii.de\/w7\/wp-json\/wp\/v2\/media?parent=20785"}],"wp:term":[{"taxonomy":"category","embeddable":true,"href":"http:\/\/cms.mtsomnii.de\/w7\/wp-json\/wp\/v2\/categories?post=20785"},{"taxonomy":"post_tag","embeddable":true,"href":"http:\/\/cms.mtsomnii.de\/w7\/wp-json\/wp\/v2\/tags?post=20785"}],"curies":[{"name":"wp","href":"https:\/\/api.w.org\/{rel}","templated":true}]}}