{"id":20848,"date":"2025-05-17T14:52:00","date_gmt":"2025-05-17T12:52:00","guid":{"rendered":"http:\/\/cms.mtsomnii.de\/w7\/merkur-de-gap\/murnau-bayern-aerger-wegen-behoerdenfunkmasten-93736788-html-20848\/"},"modified":"2025-05-17T14:52:00","modified_gmt":"2025-05-17T12:52:00","slug":"murnau-bayern-aerger-wegen-behoerdenfunkmasten-93736788-html","status":"publish","type":"post","link":"http:\/\/cms.mtsomnii.de\/w7\/merkur-de-gap\/murnau-bayern-aerger-wegen-behoerdenfunkmasten-93736788-html-20848\/","title":{"rendered":"Funkmast-Frust in Murnau: Provisorium bleibt bis Ende 2026 &#8211; Anwohnerin: Neuer Mast ein \u201eSchildb\u00fcrgerstreich\u201c"},"content":{"rendered":"<div>Viel ist in Murnau in den vergangenen Jahren \u00fcber das Thema Beh\u00f6rdenfunk debattiert worden. Derzeit gibt es zwei Masten, den provisorischen an der Kellerstra\u00dfe und den neuen am Maria-Antonien-Weg. In beiden F\u00e4llen \u00e4u\u00dfern Anwohnerinnen Kritik.<\/div>\n","protected":false},"excerpt":{"rendered":"<p>Viel ist in Murnau in den vergangenen Jahren \u00fcber das Thema Beh\u00f6rdenfunk debattiert worden. Derzeit gibt es zwei Masten, den provisorischen an der Kellerstra\u00dfe und den neuen am Maria-Antonien-Weg. In beiden F\u00e4llen \u00e4u\u00dfern Anwohnerinnen Kritik.<\/p>\n","protected":false},"author":5,"featured_media":0,"comment_status":"closed","ping_status":"open","sticky":false,"template":"","format":"standard","meta":[],"categories":[5],"tags":[],"_links":{"self":[{"href":"http:\/\/cms.mtsomnii.de\/w7\/wp-json\/wp\/v2\/posts\/20848"}],"collection":[{"href":"http:\/\/cms.mtsomnii.de\/w7\/wp-json\/wp\/v2\/posts"}],"about":[{"href":"http:\/\/cms.mtsomnii.de\/w7\/wp-json\/wp\/v2\/types\/post"}],"author":[{"embeddable":true,"href":"http:\/\/cms.mtsomnii.de\/w7\/wp-json\/wp\/v2\/users\/5"}],"replies":[{"embeddable":true,"href":"http:\/\/cms.mtsomnii.de\/w7\/wp-json\/wp\/v2\/comments?post=20848"}],"version-history":[{"count":0,"href":"http:\/\/cms.mtsomnii.de\/w7\/wp-json\/wp\/v2\/posts\/20848\/revisions"}],"wp:attachment":[{"href":"http:\/\/cms.mtsomnii.de\/w7\/wp-json\/wp\/v2\/media?parent=20848"}],"wp:term":[{"taxonomy":"category","embeddable":true,"href":"http:\/\/cms.mtsomnii.de\/w7\/wp-json\/wp\/v2\/categories?post=20848"},{"taxonomy":"post_tag","embeddable":true,"href":"http:\/\/cms.mtsomnii.de\/w7\/wp-json\/wp\/v2\/tags?post=20848"}],"curies":[{"name":"wp","href":"https:\/\/api.w.org\/{rel}","templated":true}]}}