{"id":20850,"date":"2025-05-17T16:00:00","date_gmt":"2025-05-17T14:00:00","guid":{"rendered":"http:\/\/cms.mtsomnii.de\/w7\/merkur-de-gap\/auf-rad-durchs-ammertal-93733286-html-2-20850\/"},"modified":"2025-05-17T16:00:00","modified_gmt":"2025-05-17T14:00:00","slug":"auf-rad-durchs-ammertal-93733286-html-2","status":"publish","type":"post","link":"http:\/\/cms.mtsomnii.de\/w7\/merkur-de-gap\/auf-rad-durchs-ammertal-93733286-html-2-20850\/","title":{"rendered":"Auf\u2018m Rad durchs Ammertal"},"content":{"rendered":"<div>Immer mehr Menschen schwingen sich aufs Rad \u2013 ob zur Erholung, als umweltfreundliche Alternative im Alltag oder f\u00fcr sportliche Abenteuer. Im Landkreis wird das Radwegenetz kontinuierlich ausgebaut, und immer neue Angebote sorgen daf\u00fcr, dass sowohl G\u00e4ste als auch Einheimische auf ihre Kosten kommen. Ein besonderes Highlight in diesem Sommer: die gef\u00fchrten E-Bike-Touren unter dem Titel \u201eRadKulTouren\u201c im Naturpark Ammergauer Alpen. Hier verbinden sich Naturerlebnis und kulturelle Entdeckungen auf einzigartige Weise.<\/div>\n","protected":false},"excerpt":{"rendered":"<p>Immer mehr Menschen schwingen sich aufs Rad \u2013 ob zur Erholung, als umweltfreundliche Alternative im Alltag oder f\u00fcr sportliche Abenteuer. Im Landkreis wird das Radwegenetz kontinuierlich ausgebaut, und immer neue Angebote sorgen daf\u00fcr, dass sowohl G\u00e4ste als auch Einheimische auf ihre Kosten kommen. Ein besonderes Highlight in diesem Sommer: die gef\u00fchrten E-Bike-Touren unter dem Titel \u201eRadKulTouren\u201c im Naturpark Ammergauer Alpen.<\/p>\n","protected":false},"author":5,"featured_media":0,"comment_status":"closed","ping_status":"open","sticky":false,"template":"","format":"standard","meta":[],"categories":[5],"tags":[],"_links":{"self":[{"href":"http:\/\/cms.mtsomnii.de\/w7\/wp-json\/wp\/v2\/posts\/20850"}],"collection":[{"href":"http:\/\/cms.mtsomnii.de\/w7\/wp-json\/wp\/v2\/posts"}],"about":[{"href":"http:\/\/cms.mtsomnii.de\/w7\/wp-json\/wp\/v2\/types\/post"}],"author":[{"embeddable":true,"href":"http:\/\/cms.mtsomnii.de\/w7\/wp-json\/wp\/v2\/users\/5"}],"replies":[{"embeddable":true,"href":"http:\/\/cms.mtsomnii.de\/w7\/wp-json\/wp\/v2\/comments?post=20850"}],"version-history":[{"count":0,"href":"http:\/\/cms.mtsomnii.de\/w7\/wp-json\/wp\/v2\/posts\/20850\/revisions"}],"wp:attachment":[{"href":"http:\/\/cms.mtsomnii.de\/w7\/wp-json\/wp\/v2\/media?parent=20850"}],"wp:term":[{"taxonomy":"category","embeddable":true,"href":"http:\/\/cms.mtsomnii.de\/w7\/wp-json\/wp\/v2\/categories?post=20850"},{"taxonomy":"post_tag","embeddable":true,"href":"http:\/\/cms.mtsomnii.de\/w7\/wp-json\/wp\/v2\/tags?post=20850"}],"curies":[{"name":"wp","href":"https:\/\/api.w.org\/{rel}","templated":true}]}}