{"id":20868,"date":"2025-05-19T12:51:34","date_gmt":"2025-05-19T10:51:34","guid":{"rendered":"http:\/\/cms.mtsomnii.de\/w7\/merkur-de-gap\/naechtlicher-einsatz-auf-der-zugspitze-fuenf-personen-in-bergnot-93740296-html-20868\/"},"modified":"2025-05-19T12:51:34","modified_gmt":"2025-05-19T10:51:34","slug":"naechtlicher-einsatz-auf-der-zugspitze-fuenf-personen-in-bergnot-93740296-html","status":"publish","type":"post","link":"http:\/\/cms.mtsomnii.de\/w7\/merkur-de-gap\/naechtlicher-einsatz-auf-der-zugspitze-fuenf-personen-in-bergnot-93740296-html-20868\/","title":{"rendered":"N\u00e4chtlicher Einsatz auf der Zugspitze: F\u00fcnf Personen in Bergnot"},"content":{"rendered":"<div>Die winterlichen Verh\u00e4ltnisse beim Aufstieg auf die Zugspitze sind am Freitag f\u00fcnf Bergsteigern zum Verh\u00e4ngnis geworden. Gegen 18 Uhr setzten die beiden Deutschen und drei Niederl\u00e4nder einen Notruf ab. F\u00fcr die Grainauer Bergretter bedeutete das einen sehr aufw\u00e4ndigen Einsatz bei schlechten Witterungsverh\u00e4ltnissen.<\/div>\n","protected":false},"excerpt":{"rendered":"<p>Die winterlichen Verh\u00e4ltnisse beim Aufstieg auf die Zugspitze sind am Freitag f\u00fcnf Bergsteigern zum Verh\u00e4ngnis geworden. Gegen 18 Uhr setzten die beiden Deutschen und drei Niederl\u00e4nder einen Notruf ab. F\u00fcr die Grainauer Bergretter bedeutete das einen sehr aufw\u00e4ndigen Einsatz bei schlechten Witterungsverh\u00e4ltnissen.<\/p>\n","protected":false},"author":5,"featured_media":0,"comment_status":"closed","ping_status":"open","sticky":false,"template":"","format":"standard","meta":[],"categories":[5],"tags":[],"_links":{"self":[{"href":"http:\/\/cms.mtsomnii.de\/w7\/wp-json\/wp\/v2\/posts\/20868"}],"collection":[{"href":"http:\/\/cms.mtsomnii.de\/w7\/wp-json\/wp\/v2\/posts"}],"about":[{"href":"http:\/\/cms.mtsomnii.de\/w7\/wp-json\/wp\/v2\/types\/post"}],"author":[{"embeddable":true,"href":"http:\/\/cms.mtsomnii.de\/w7\/wp-json\/wp\/v2\/users\/5"}],"replies":[{"embeddable":true,"href":"http:\/\/cms.mtsomnii.de\/w7\/wp-json\/wp\/v2\/comments?post=20868"}],"version-history":[{"count":0,"href":"http:\/\/cms.mtsomnii.de\/w7\/wp-json\/wp\/v2\/posts\/20868\/revisions"}],"wp:attachment":[{"href":"http:\/\/cms.mtsomnii.de\/w7\/wp-json\/wp\/v2\/media?parent=20868"}],"wp:term":[{"taxonomy":"category","embeddable":true,"href":"http:\/\/cms.mtsomnii.de\/w7\/wp-json\/wp\/v2\/categories?post=20868"},{"taxonomy":"post_tag","embeddable":true,"href":"http:\/\/cms.mtsomnii.de\/w7\/wp-json\/wp\/v2\/tags?post=20868"}],"curies":[{"name":"wp","href":"https:\/\/api.w.org\/{rel}","templated":true}]}}