{"id":20882,"date":"2025-05-18T08:00:00","date_gmt":"2025-05-18T06:00:00","guid":{"rendered":"http:\/\/cms.mtsomnii.de\/w7\/merkur-de-gap\/halbes-jahrhundert-naturschutz-zwischen-staffelsee-und-karwendel-93733182-html-5-20882\/"},"modified":"2025-05-18T08:00:00","modified_gmt":"2025-05-18T06:00:00","slug":"halbes-jahrhundert-naturschutz-zwischen-staffelsee-und-karwendel-93733182-html-5","status":"publish","type":"post","link":"http:\/\/cms.mtsomnii.de\/w7\/merkur-de-gap\/halbes-jahrhundert-naturschutz-zwischen-staffelsee-und-karwendel-93733182-html-5-20882\/","title":{"rendered":"Halbes Jahrhundert Naturschutz zwischen Staffelsee und Karwendel"},"content":{"rendered":"<div>Die Kreisgruppe Garmisch-Partenkirchen im Bund Naturschutz ist in die Jahre gekommen. Seit f\u00fcnf Jahrzehnten setzen sich M\u00e4nner und Frauen zwischen dem Staffelsee und dem Karwendelgebirge ehrenamtlich f\u00fcr den Erhalt von Umwelt und Natur ein. Wichtige Erfolge konnten in dieser Zeit verbucht, aber auch bittere Niederlagen mussten verkraftet werden. Jetzt gilt es, das 50-j\u00e4hrige Jubil\u00e4um zu feiern &#8211; Erinnerungen und Anekdoten auszutauschen.<\/div>\n","protected":false},"excerpt":{"rendered":"<p>Die Kreisgruppe Garmisch-Partenkirchen im Bund Naturschutz ist in die Jahre gekommen. Seit f\u00fcnf Jahrzehnten setzen sich M\u00e4nner und Frauen zwischen dem Staffelsee und dem Karwendelgebirge ehrenamtlich f\u00fcr den Erhalt von Umwelt und Natur ein. Wichtige Erfolge konnten in dieser Zeit verbucht, aber auch bittere Niederlagen mussten verkraftet werden. Jetzt gilt es, das 50-j\u00e4hrige Jubil\u00e4um zu feiern &#8211; Erinnerungen und Anekdoten<\/p>\n","protected":false},"author":5,"featured_media":0,"comment_status":"closed","ping_status":"open","sticky":false,"template":"","format":"standard","meta":[],"categories":[5],"tags":[],"_links":{"self":[{"href":"http:\/\/cms.mtsomnii.de\/w7\/wp-json\/wp\/v2\/posts\/20882"}],"collection":[{"href":"http:\/\/cms.mtsomnii.de\/w7\/wp-json\/wp\/v2\/posts"}],"about":[{"href":"http:\/\/cms.mtsomnii.de\/w7\/wp-json\/wp\/v2\/types\/post"}],"author":[{"embeddable":true,"href":"http:\/\/cms.mtsomnii.de\/w7\/wp-json\/wp\/v2\/users\/5"}],"replies":[{"embeddable":true,"href":"http:\/\/cms.mtsomnii.de\/w7\/wp-json\/wp\/v2\/comments?post=20882"}],"version-history":[{"count":0,"href":"http:\/\/cms.mtsomnii.de\/w7\/wp-json\/wp\/v2\/posts\/20882\/revisions"}],"wp:attachment":[{"href":"http:\/\/cms.mtsomnii.de\/w7\/wp-json\/wp\/v2\/media?parent=20882"}],"wp:term":[{"taxonomy":"category","embeddable":true,"href":"http:\/\/cms.mtsomnii.de\/w7\/wp-json\/wp\/v2\/categories?post=20882"},{"taxonomy":"post_tag","embeddable":true,"href":"http:\/\/cms.mtsomnii.de\/w7\/wp-json\/wp\/v2\/tags?post=20882"}],"curies":[{"name":"wp","href":"https:\/\/api.w.org\/{rel}","templated":true}]}}