{"id":20902,"date":"2025-05-22T17:44:00","date_gmt":"2025-05-22T15:44:00","guid":{"rendered":"http:\/\/cms.mtsomnii.de\/w7\/merkur-de-gap\/grossweil-bayern-abriss-der-laermschutzmauer-droht-93747579-html-20902\/"},"modified":"2025-05-22T17:44:00","modified_gmt":"2025-05-22T15:44:00","slug":"grossweil-bayern-abriss-der-laermschutzmauer-droht-93747579-html","status":"publish","type":"post","link":"http:\/\/cms.mtsomnii.de\/w7\/merkur-de-gap\/grossweil-bayern-abriss-der-laermschutzmauer-droht-93747579-html-20902\/","title":{"rendered":"Rechtsstreit um \u201eAlcatraz\u201c: Abriss von umstrittener L\u00e4rmschutzmauer droht"},"content":{"rendered":"<div>Die umstrittene Gro\u00dfweiler L\u00e4rmschutzwand hat am Donnerstag die Justiz besch\u00e4ftigt. Das Verwaltungsgericht M\u00fcnchen geht nicht davon aus, dass es sich um eine genehmigte Anlage handelt.<\/div>\n","protected":false},"excerpt":{"rendered":"<p>Die umstrittene Gro\u00dfweiler L\u00e4rmschutzwand hat am Donnerstag die Justiz besch\u00e4ftigt. Das Verwaltungsgericht M\u00fcnchen geht nicht davon aus, dass es sich um eine genehmigte Anlage handelt.<\/p>\n","protected":false},"author":5,"featured_media":0,"comment_status":"closed","ping_status":"open","sticky":false,"template":"","format":"standard","meta":[],"categories":[5],"tags":[],"_links":{"self":[{"href":"http:\/\/cms.mtsomnii.de\/w7\/wp-json\/wp\/v2\/posts\/20902"}],"collection":[{"href":"http:\/\/cms.mtsomnii.de\/w7\/wp-json\/wp\/v2\/posts"}],"about":[{"href":"http:\/\/cms.mtsomnii.de\/w7\/wp-json\/wp\/v2\/types\/post"}],"author":[{"embeddable":true,"href":"http:\/\/cms.mtsomnii.de\/w7\/wp-json\/wp\/v2\/users\/5"}],"replies":[{"embeddable":true,"href":"http:\/\/cms.mtsomnii.de\/w7\/wp-json\/wp\/v2\/comments?post=20902"}],"version-history":[{"count":0,"href":"http:\/\/cms.mtsomnii.de\/w7\/wp-json\/wp\/v2\/posts\/20902\/revisions"}],"wp:attachment":[{"href":"http:\/\/cms.mtsomnii.de\/w7\/wp-json\/wp\/v2\/media?parent=20902"}],"wp:term":[{"taxonomy":"category","embeddable":true,"href":"http:\/\/cms.mtsomnii.de\/w7\/wp-json\/wp\/v2\/categories?post=20902"},{"taxonomy":"post_tag","embeddable":true,"href":"http:\/\/cms.mtsomnii.de\/w7\/wp-json\/wp\/v2\/tags?post=20902"}],"curies":[{"name":"wp","href":"https:\/\/api.w.org\/{rel}","templated":true}]}}