{"id":20928,"date":"2025-05-27T08:21:08","date_gmt":"2025-05-27T06:21:08","guid":{"rendered":"http:\/\/cms.mtsomnii.de\/w7\/merkur-de-gap\/eibsee-zufahrtsbeschraenkung-fuer-touristen-hotspot-vom-tisch-93754863-html-20928\/"},"modified":"2025-05-27T08:21:08","modified_gmt":"2025-05-27T06:21:08","slug":"eibsee-zufahrtsbeschraenkung-fuer-touristen-hotspot-vom-tisch-93754863-html","status":"publish","type":"post","link":"http:\/\/cms.mtsomnii.de\/w7\/merkur-de-gap\/eibsee-zufahrtsbeschraenkung-fuer-touristen-hotspot-vom-tisch-93754863-html-20928\/","title":{"rendered":"Eibsee: Zufahrtsbeschr\u00e4nkung mittels Schranke vom Tisch, neues Buskonzept soll kommen"},"content":{"rendered":"<div>Die Zauberl\u00f6sung f\u00fcr die Verkehrsprobleme rund um den Eibsee und Grainau gibt es nicht. Rechtlich gibt es zu viele Hindernisse. Das Landratsamt feilt aber an einem neuen Buskonzept.<\/div>\n","protected":false},"excerpt":{"rendered":"<p>Die Zauberl\u00f6sung f\u00fcr die Verkehrsprobleme rund um den Eibsee und Grainau gibt es nicht. Rechtlich gibt es zu viele Hindernisse. Das Landratsamt feilt aber an einem neuen Buskonzept.<\/p>\n","protected":false},"author":5,"featured_media":0,"comment_status":"closed","ping_status":"open","sticky":false,"template":"","format":"standard","meta":[],"categories":[5],"tags":[],"_links":{"self":[{"href":"http:\/\/cms.mtsomnii.de\/w7\/wp-json\/wp\/v2\/posts\/20928"}],"collection":[{"href":"http:\/\/cms.mtsomnii.de\/w7\/wp-json\/wp\/v2\/posts"}],"about":[{"href":"http:\/\/cms.mtsomnii.de\/w7\/wp-json\/wp\/v2\/types\/post"}],"author":[{"embeddable":true,"href":"http:\/\/cms.mtsomnii.de\/w7\/wp-json\/wp\/v2\/users\/5"}],"replies":[{"embeddable":true,"href":"http:\/\/cms.mtsomnii.de\/w7\/wp-json\/wp\/v2\/comments?post=20928"}],"version-history":[{"count":0,"href":"http:\/\/cms.mtsomnii.de\/w7\/wp-json\/wp\/v2\/posts\/20928\/revisions"}],"wp:attachment":[{"href":"http:\/\/cms.mtsomnii.de\/w7\/wp-json\/wp\/v2\/media?parent=20928"}],"wp:term":[{"taxonomy":"category","embeddable":true,"href":"http:\/\/cms.mtsomnii.de\/w7\/wp-json\/wp\/v2\/categories?post=20928"},{"taxonomy":"post_tag","embeddable":true,"href":"http:\/\/cms.mtsomnii.de\/w7\/wp-json\/wp\/v2\/tags?post=20928"}],"curies":[{"name":"wp","href":"https:\/\/api.w.org\/{rel}","templated":true}]}}