{"id":20959,"date":"2025-06-03T06:30:00","date_gmt":"2025-06-03T04:30:00","guid":{"rendered":"http:\/\/cms.mtsomnii.de\/w7\/merkur-de-gap\/vor-drei-jahren-entgleiste-bei-garmisch-partenkirchen-eine-regionalbahn-fuenf-menschen-starben-78-verletzten-sich-teilweise-schwer-das-hat-sich-seit-93765690-html-20959\/"},"modified":"2025-06-03T06:30:00","modified_gmt":"2025-06-03T04:30:00","slug":"vor-drei-jahren-entgleiste-bei-garmisch-partenkirchen-eine-regionalbahn-fuenf-menschen-starben-78-verletzten-sich-teilweise-schwer-das-hat-sich-seit-93765690-html","status":"publish","type":"post","link":"http:\/\/cms.mtsomnii.de\/w7\/merkur-de-gap\/vor-drei-jahren-entgleiste-bei-garmisch-partenkirchen-eine-regionalbahn-fuenf-menschen-starben-78-verletzten-sich-teilweise-schwer-das-hat-sich-seit-93765690-html-20959\/","title":{"rendered":"Zugungl\u00fcck von Garmisch-Partenkirchen: So haben sich die Bahnstrecken nach der Katastrophe ver\u00e4ndert"},"content":{"rendered":"<div>Vor drei Jahren entgleiste bei Garmisch-Partenkirchen eine Regionalbahn. F\u00fcnf Menschen starben, 78 verletzten sich teilweise schwer. Das hat sich seit dem 3. Juni 2022 an den Gleisen getan.<\/div>\n","protected":false},"excerpt":{"rendered":"<p>Vor drei Jahren entgleiste bei Garmisch-Partenkirchen eine Regionalbahn. F\u00fcnf Menschen starben, 78 verletzten sich teilweise schwer. Das hat sich seit dem 3. Juni 2022 an den Gleisen getan.<\/p>\n","protected":false},"author":5,"featured_media":0,"comment_status":"closed","ping_status":"open","sticky":false,"template":"","format":"standard","meta":[],"categories":[5],"tags":[],"_links":{"self":[{"href":"http:\/\/cms.mtsomnii.de\/w7\/wp-json\/wp\/v2\/posts\/20959"}],"collection":[{"href":"http:\/\/cms.mtsomnii.de\/w7\/wp-json\/wp\/v2\/posts"}],"about":[{"href":"http:\/\/cms.mtsomnii.de\/w7\/wp-json\/wp\/v2\/types\/post"}],"author":[{"embeddable":true,"href":"http:\/\/cms.mtsomnii.de\/w7\/wp-json\/wp\/v2\/users\/5"}],"replies":[{"embeddable":true,"href":"http:\/\/cms.mtsomnii.de\/w7\/wp-json\/wp\/v2\/comments?post=20959"}],"version-history":[{"count":0,"href":"http:\/\/cms.mtsomnii.de\/w7\/wp-json\/wp\/v2\/posts\/20959\/revisions"}],"wp:attachment":[{"href":"http:\/\/cms.mtsomnii.de\/w7\/wp-json\/wp\/v2\/media?parent=20959"}],"wp:term":[{"taxonomy":"category","embeddable":true,"href":"http:\/\/cms.mtsomnii.de\/w7\/wp-json\/wp\/v2\/categories?post=20959"},{"taxonomy":"post_tag","embeddable":true,"href":"http:\/\/cms.mtsomnii.de\/w7\/wp-json\/wp\/v2\/tags?post=20959"}],"curies":[{"name":"wp","href":"https:\/\/api.w.org\/{rel}","templated":true}]}}