{"id":20961,"date":"2025-06-03T12:00:00","date_gmt":"2025-06-03T10:00:00","guid":{"rendered":"http:\/\/cms.mtsomnii.de\/w7\/merkur-de-gap\/der-bergbahn-talstation-bruecke-wird-erneuert-93765483-html-20961\/"},"modified":"2025-06-03T12:00:00","modified_gmt":"2025-06-03T10:00:00","slug":"der-bergbahn-talstation-bruecke-wird-erneuert-93765483-html","status":"publish","type":"post","link":"http:\/\/cms.mtsomnii.de\/w7\/merkur-de-gap\/der-bergbahn-talstation-bruecke-wird-erneuert-93765483-html-20961\/","title":{"rendered":"Im Bereich der Bergbahn-Talstation: Br\u00fccke wird erneuert"},"content":{"rendered":"<div>\u00dcberraschung aus Weilheim: Das Wasserwirtschaftsamt hat der Gemeinde Oberammergau kurzfristig Arbeiten angek\u00fcndigt. In dem Zug wird nun auch die Kommune aktiv.<\/div>\n","protected":false},"excerpt":{"rendered":"<p>\u00dcberraschung aus Weilheim: Das Wasserwirtschaftsamt hat der Gemeinde Oberammergau kurzfristig Arbeiten angek\u00fcndigt. In dem Zug wird nun auch die Kommune aktiv.<\/p>\n","protected":false},"author":5,"featured_media":0,"comment_status":"closed","ping_status":"open","sticky":false,"template":"","format":"standard","meta":[],"categories":[5],"tags":[],"_links":{"self":[{"href":"http:\/\/cms.mtsomnii.de\/w7\/wp-json\/wp\/v2\/posts\/20961"}],"collection":[{"href":"http:\/\/cms.mtsomnii.de\/w7\/wp-json\/wp\/v2\/posts"}],"about":[{"href":"http:\/\/cms.mtsomnii.de\/w7\/wp-json\/wp\/v2\/types\/post"}],"author":[{"embeddable":true,"href":"http:\/\/cms.mtsomnii.de\/w7\/wp-json\/wp\/v2\/users\/5"}],"replies":[{"embeddable":true,"href":"http:\/\/cms.mtsomnii.de\/w7\/wp-json\/wp\/v2\/comments?post=20961"}],"version-history":[{"count":0,"href":"http:\/\/cms.mtsomnii.de\/w7\/wp-json\/wp\/v2\/posts\/20961\/revisions"}],"wp:attachment":[{"href":"http:\/\/cms.mtsomnii.de\/w7\/wp-json\/wp\/v2\/media?parent=20961"}],"wp:term":[{"taxonomy":"category","embeddable":true,"href":"http:\/\/cms.mtsomnii.de\/w7\/wp-json\/wp\/v2\/categories?post=20961"},{"taxonomy":"post_tag","embeddable":true,"href":"http:\/\/cms.mtsomnii.de\/w7\/wp-json\/wp\/v2\/tags?post=20961"}],"curies":[{"name":"wp","href":"https:\/\/api.w.org\/{rel}","templated":true}]}}