{"id":20977,"date":"2025-06-06T10:00:00","date_gmt":"2025-06-06T08:00:00","guid":{"rendered":"http:\/\/cms.mtsomnii.de\/w7\/merkur-de-gap\/endgueltiges-aus-fuer-lieder-im-park-in-garmisch-partenkirchen-93772533-html-20977\/"},"modified":"2025-06-06T10:00:00","modified_gmt":"2025-06-06T08:00:00","slug":"endgueltiges-aus-fuer-lieder-im-park-in-garmisch-partenkirchen-93772533-html","status":"publish","type":"post","link":"http:\/\/cms.mtsomnii.de\/w7\/merkur-de-gap\/endgueltiges-aus-fuer-lieder-im-park-in-garmisch-partenkirchen-93772533-html-20977\/","title":{"rendered":"\u201eSo funktioniert&#8217;s nicht\u201c: Endg\u00fcltiges Aus f\u00fcr \u201eLieder im Park\u201c"},"content":{"rendered":"<div>Es bleibt beim Verlust und damit wird die Ank\u00fcndigung des Kulturbeutels wahr. Das siebte Festival \u201eLieder im Park\u201c war das letzte. Der r\u00fchrige Verein um Vorsitzenden Markus Schneider hat es nicht geschafft, das ruder rumzurei\u00dfen. Eine Open-Air-Veranstaltung wird es aber auch k\u00fcnftig geben.<\/div>\n","protected":false},"excerpt":{"rendered":"<p>Es bleibt beim Verlust und damit wird die Ank\u00fcndigung des Kulturbeutels wahr. Das siebte Festival \u201eLieder im Park\u201c war das letzte. Der r\u00fchrige Verein um Vorsitzenden Markus Schneider hat es nicht geschafft, das ruder rumzurei\u00dfen. Eine Open-Air-Veranstaltung wird es aber auch k\u00fcnftig geben.<\/p>\n","protected":false},"author":5,"featured_media":0,"comment_status":"closed","ping_status":"open","sticky":false,"template":"","format":"standard","meta":[],"categories":[5],"tags":[],"_links":{"self":[{"href":"http:\/\/cms.mtsomnii.de\/w7\/wp-json\/wp\/v2\/posts\/20977"}],"collection":[{"href":"http:\/\/cms.mtsomnii.de\/w7\/wp-json\/wp\/v2\/posts"}],"about":[{"href":"http:\/\/cms.mtsomnii.de\/w7\/wp-json\/wp\/v2\/types\/post"}],"author":[{"embeddable":true,"href":"http:\/\/cms.mtsomnii.de\/w7\/wp-json\/wp\/v2\/users\/5"}],"replies":[{"embeddable":true,"href":"http:\/\/cms.mtsomnii.de\/w7\/wp-json\/wp\/v2\/comments?post=20977"}],"version-history":[{"count":0,"href":"http:\/\/cms.mtsomnii.de\/w7\/wp-json\/wp\/v2\/posts\/20977\/revisions"}],"wp:attachment":[{"href":"http:\/\/cms.mtsomnii.de\/w7\/wp-json\/wp\/v2\/media?parent=20977"}],"wp:term":[{"taxonomy":"category","embeddable":true,"href":"http:\/\/cms.mtsomnii.de\/w7\/wp-json\/wp\/v2\/categories?post=20977"},{"taxonomy":"post_tag","embeddable":true,"href":"http:\/\/cms.mtsomnii.de\/w7\/wp-json\/wp\/v2\/tags?post=20977"}],"curies":[{"name":"wp","href":"https:\/\/api.w.org\/{rel}","templated":true}]}}