{"id":20984,"date":"2025-06-01T16:00:00","date_gmt":"2025-06-01T14:00:00","guid":{"rendered":"http:\/\/cms.mtsomnii.de\/w7\/kreisbote-gap\/ffh-schlaegt-hohe-wellen-auch-im-landkreis-garmisch-partenkirchen-93757464-html-3-20984\/"},"modified":"2025-06-01T16:00:00","modified_gmt":"2025-06-01T14:00:00","slug":"ffh-schlaegt-hohe-wellen-auch-im-landkreis-garmisch-partenkirchen-93757464-html-3","status":"publish","type":"post","link":"http:\/\/cms.mtsomnii.de\/w7\/kreisbote-gap\/ffh-schlaegt-hohe-wellen-auch-im-landkreis-garmisch-partenkirchen-93757464-html-3-20984\/","title":{"rendered":"FFH schl\u00e4gt hohe Wellen &#8211; auch im Landkreis Garmisch-Partenkirchen"},"content":{"rendered":"<div>Erst Ende Februar hatten B\u00fcrgermeister und Landwirte aus dem Stimmkreis Bad T\u00f6lz-Wolfratshausen\/Garmisch-Partenkirchen dem zust\u00e4ndigen Abgeordneten Thomas W. Holz eindr\u00fccklich ihre Probleme bei der Umsetzung der Flora-Fauna-Habitat(FFH)-Richtline geschildert.<\/div>\n","protected":false},"excerpt":{"rendered":"<p>Erst Ende Februar hatten B\u00fcrgermeister und Landwirte aus dem Stimmkreis Bad T\u00f6lz-Wolfratshausen\/Garmisch-Partenkirchen dem zust\u00e4ndigen Abgeordneten Thomas W. Holz eindr\u00fccklich ihre Probleme bei der Umsetzung der Flora-Fauna-Habitat(FFH)-Richtline geschildert.<\/p>\n","protected":false},"author":4,"featured_media":0,"comment_status":"closed","ping_status":"open","sticky":false,"template":"","format":"standard","meta":[],"categories":[2],"tags":[],"_links":{"self":[{"href":"http:\/\/cms.mtsomnii.de\/w7\/wp-json\/wp\/v2\/posts\/20984"}],"collection":[{"href":"http:\/\/cms.mtsomnii.de\/w7\/wp-json\/wp\/v2\/posts"}],"about":[{"href":"http:\/\/cms.mtsomnii.de\/w7\/wp-json\/wp\/v2\/types\/post"}],"author":[{"embeddable":true,"href":"http:\/\/cms.mtsomnii.de\/w7\/wp-json\/wp\/v2\/users\/4"}],"replies":[{"embeddable":true,"href":"http:\/\/cms.mtsomnii.de\/w7\/wp-json\/wp\/v2\/comments?post=20984"}],"version-history":[{"count":0,"href":"http:\/\/cms.mtsomnii.de\/w7\/wp-json\/wp\/v2\/posts\/20984\/revisions"}],"wp:attachment":[{"href":"http:\/\/cms.mtsomnii.de\/w7\/wp-json\/wp\/v2\/media?parent=20984"}],"wp:term":[{"taxonomy":"category","embeddable":true,"href":"http:\/\/cms.mtsomnii.de\/w7\/wp-json\/wp\/v2\/categories?post=20984"},{"taxonomy":"post_tag","embeddable":true,"href":"http:\/\/cms.mtsomnii.de\/w7\/wp-json\/wp\/v2\/tags?post=20984"}],"curies":[{"name":"wp","href":"https:\/\/api.w.org\/{rel}","templated":true}]}}