{"id":21011,"date":"2025-06-06T08:00:00","date_gmt":"2025-06-06T06:00:00","guid":{"rendered":"http:\/\/cms.mtsomnii.de\/w7\/kreisbote-gap\/zugunglueck-burgrain-tote-ursache-bahnschwellen-marode-abschlussbericht-schienen-unfall-93770448-html-2-21011\/"},"modified":"2025-06-06T08:00:00","modified_gmt":"2025-06-06T06:00:00","slug":"zugunglueck-burgrain-tote-ursache-bahnschwellen-marode-abschlussbericht-schienen-unfall-93770448-html-2","status":"publish","type":"post","link":"http:\/\/cms.mtsomnii.de\/w7\/kreisbote-gap\/zugunglueck-burgrain-tote-ursache-bahnschwellen-marode-abschlussbericht-schienen-unfall-93770448-html-2-21011\/","title":{"rendered":"Drei Jahre nach t\u00f6dlichem Zugungl\u00fcck in Burgrain: Abschlussbericht ver\u00f6ffentlicht \u2013 Ursache bekannt"},"content":{"rendered":"<div>Am vergangenen Dienstag \u2013 am 3. Juni \u2013 j\u00e4hrte sich das verheerende Zugungl\u00fcck von Burgrain, bei dem f\u00fcnf Menschen verstarben, zum dritten Mal.<\/div>\n","protected":false},"excerpt":{"rendered":"<p>Am vergangenen Dienstag \u2013 am 3. Juni \u2013 j\u00e4hrte sich das verheerende Zugungl\u00fcck von Burgrain, bei dem f\u00fcnf Menschen verstarben, zum dritten Mal.<\/p>\n","protected":false},"author":4,"featured_media":0,"comment_status":"closed","ping_status":"open","sticky":false,"template":"","format":"standard","meta":[],"categories":[2],"tags":[],"_links":{"self":[{"href":"http:\/\/cms.mtsomnii.de\/w7\/wp-json\/wp\/v2\/posts\/21011"}],"collection":[{"href":"http:\/\/cms.mtsomnii.de\/w7\/wp-json\/wp\/v2\/posts"}],"about":[{"href":"http:\/\/cms.mtsomnii.de\/w7\/wp-json\/wp\/v2\/types\/post"}],"author":[{"embeddable":true,"href":"http:\/\/cms.mtsomnii.de\/w7\/wp-json\/wp\/v2\/users\/4"}],"replies":[{"embeddable":true,"href":"http:\/\/cms.mtsomnii.de\/w7\/wp-json\/wp\/v2\/comments?post=21011"}],"version-history":[{"count":0,"href":"http:\/\/cms.mtsomnii.de\/w7\/wp-json\/wp\/v2\/posts\/21011\/revisions"}],"wp:attachment":[{"href":"http:\/\/cms.mtsomnii.de\/w7\/wp-json\/wp\/v2\/media?parent=21011"}],"wp:term":[{"taxonomy":"category","embeddable":true,"href":"http:\/\/cms.mtsomnii.de\/w7\/wp-json\/wp\/v2\/categories?post=21011"},{"taxonomy":"post_tag","embeddable":true,"href":"http:\/\/cms.mtsomnii.de\/w7\/wp-json\/wp\/v2\/tags?post=21011"}],"curies":[{"name":"wp","href":"https:\/\/api.w.org\/{rel}","templated":true}]}}