{"id":21012,"date":"2025-06-06T16:00:00","date_gmt":"2025-06-06T14:00:00","guid":{"rendered":"http:\/\/cms.mtsomnii.de\/w7\/kreisbote-gap\/sturzfluten-im-fokus-bad-bayersoien-stellt-zwischenbericht-zum-schutzkonzept-vor-93770473-html-3-21012\/"},"modified":"2025-06-06T16:00:00","modified_gmt":"2025-06-06T14:00:00","slug":"sturzfluten-im-fokus-bad-bayersoien-stellt-zwischenbericht-zum-schutzkonzept-vor-93770473-html-3","status":"publish","type":"post","link":"http:\/\/cms.mtsomnii.de\/w7\/kreisbote-gap\/sturzfluten-im-fokus-bad-bayersoien-stellt-zwischenbericht-zum-schutzkonzept-vor-93770473-html-3-21012\/","title":{"rendered":"Sturzfluten im Fokus: Bad Bayersoien stellt Zwischenbericht zum Schutzkonzept vor"},"content":{"rendered":"<div>Wie l\u00e4sst sich eine Gemeinde besser vor den Folgen extremer Starkregenereignisse sch\u00fctzen? Mit dieser Frage besch\u00e4ftigte sich am Dienstagabend eine \u00f6ffentliche Informationsveranstaltung in Bad Bayersoien.<\/div>\n","protected":false},"excerpt":{"rendered":"<p>Wie l\u00e4sst sich eine Gemeinde besser vor den Folgen extremer Starkregenereignisse sch\u00fctzen? Mit dieser Frage besch\u00e4ftigte sich am Dienstagabend eine \u00f6ffentliche Informationsveranstaltung in Bad Bayersoien.<\/p>\n","protected":false},"author":4,"featured_media":0,"comment_status":"closed","ping_status":"open","sticky":false,"template":"","format":"standard","meta":[],"categories":[2],"tags":[],"_links":{"self":[{"href":"http:\/\/cms.mtsomnii.de\/w7\/wp-json\/wp\/v2\/posts\/21012"}],"collection":[{"href":"http:\/\/cms.mtsomnii.de\/w7\/wp-json\/wp\/v2\/posts"}],"about":[{"href":"http:\/\/cms.mtsomnii.de\/w7\/wp-json\/wp\/v2\/types\/post"}],"author":[{"embeddable":true,"href":"http:\/\/cms.mtsomnii.de\/w7\/wp-json\/wp\/v2\/users\/4"}],"replies":[{"embeddable":true,"href":"http:\/\/cms.mtsomnii.de\/w7\/wp-json\/wp\/v2\/comments?post=21012"}],"version-history":[{"count":0,"href":"http:\/\/cms.mtsomnii.de\/w7\/wp-json\/wp\/v2\/posts\/21012\/revisions"}],"wp:attachment":[{"href":"http:\/\/cms.mtsomnii.de\/w7\/wp-json\/wp\/v2\/media?parent=21012"}],"wp:term":[{"taxonomy":"category","embeddable":true,"href":"http:\/\/cms.mtsomnii.de\/w7\/wp-json\/wp\/v2\/categories?post=21012"},{"taxonomy":"post_tag","embeddable":true,"href":"http:\/\/cms.mtsomnii.de\/w7\/wp-json\/wp\/v2\/tags?post=21012"}],"curies":[{"name":"wp","href":"https:\/\/api.w.org\/{rel}","templated":true}]}}