{"id":21080,"date":"2025-06-23T17:56:45","date_gmt":"2025-06-23T15:56:45","guid":{"rendered":"http:\/\/cms.mtsomnii.de\/w7\/merkur-de-gap\/gruene-schlagen-alarm-schutz-der-bayerischen-alpen-in-gefahr-93798421-html-21080\/"},"modified":"2025-06-23T17:56:45","modified_gmt":"2025-06-23T15:56:45","slug":"gruene-schlagen-alarm-schutz-der-bayerischen-alpen-in-gefahr-93798421-html","status":"publish","type":"post","link":"http:\/\/cms.mtsomnii.de\/w7\/merkur-de-gap\/gruene-schlagen-alarm-schutz-der-bayerischen-alpen-in-gefahr-93798421-html-21080\/","title":{"rendered":"Gr\u00fcne schlagen Alarm: Alpenschutz in Gefahr"},"content":{"rendered":"<div>Weniger B\u00fcrokratie: Das will die Bayerische Staatsregierung mit einer Gesetzesinitiative erreichen. Doch die Gr\u00fcnen warnen vor massiven Einschnitten in den Alpenschutz und drastischen Folgen auch f\u00fcr den Landkreis Garmisch-Partenkirchen. Damit w\u00fcrde, so die Bef\u00fcrchtung, die Genehmigung neuer Skipisten, Lifte und Beschneiungsanlagen deutlich erleichtert. CSU und Freie W\u00e4hler widersprechen energisch.<\/div>\n","protected":false},"excerpt":{"rendered":"<p>Weniger B\u00fcrokratie: Das will die Bayerische Staatsregierung mit einer Gesetzesinitiative erreichen. Doch die Gr\u00fcnen warnen vor massiven Einschnitten in den Alpenschutz und drastischen Folgen auch f\u00fcr den Landkreis Garmisch-Partenkirchen. Damit w\u00fcrde, so die Bef\u00fcrchtung, die Genehmigung neuer Skipisten, Lifte und Beschneiungsanlagen deutlich erleichtert. CSU und Freie W\u00e4hler widersprechen energisch.<\/p>\n","protected":false},"author":5,"featured_media":0,"comment_status":"closed","ping_status":"open","sticky":false,"template":"","format":"standard","meta":[],"categories":[5],"tags":[],"_links":{"self":[{"href":"http:\/\/cms.mtsomnii.de\/w7\/wp-json\/wp\/v2\/posts\/21080"}],"collection":[{"href":"http:\/\/cms.mtsomnii.de\/w7\/wp-json\/wp\/v2\/posts"}],"about":[{"href":"http:\/\/cms.mtsomnii.de\/w7\/wp-json\/wp\/v2\/types\/post"}],"author":[{"embeddable":true,"href":"http:\/\/cms.mtsomnii.de\/w7\/wp-json\/wp\/v2\/users\/5"}],"replies":[{"embeddable":true,"href":"http:\/\/cms.mtsomnii.de\/w7\/wp-json\/wp\/v2\/comments?post=21080"}],"version-history":[{"count":0,"href":"http:\/\/cms.mtsomnii.de\/w7\/wp-json\/wp\/v2\/posts\/21080\/revisions"}],"wp:attachment":[{"href":"http:\/\/cms.mtsomnii.de\/w7\/wp-json\/wp\/v2\/media?parent=21080"}],"wp:term":[{"taxonomy":"category","embeddable":true,"href":"http:\/\/cms.mtsomnii.de\/w7\/wp-json\/wp\/v2\/categories?post=21080"},{"taxonomy":"post_tag","embeddable":true,"href":"http:\/\/cms.mtsomnii.de\/w7\/wp-json\/wp\/v2\/tags?post=21080"}],"curies":[{"name":"wp","href":"https:\/\/api.w.org\/{rel}","templated":true}]}}