{"id":21102,"date":"2025-06-26T11:54:41","date_gmt":"2025-06-26T09:54:41","guid":{"rendered":"http:\/\/cms.mtsomnii.de\/w7\/merkur-de-gap\/lkw-erfasst-fussgaengerin-marienplatz-im-garmischer-zentrum-gesperrt-93803569-html-21102\/"},"modified":"2025-06-26T11:54:41","modified_gmt":"2025-06-26T09:54:41","slug":"lkw-erfasst-fussgaengerin-marienplatz-im-garmischer-zentrum-gesperrt-93803569-html","status":"publish","type":"post","link":"http:\/\/cms.mtsomnii.de\/w7\/merkur-de-gap\/lkw-erfasst-fussgaengerin-marienplatz-im-garmischer-zentrum-gesperrt-93803569-html-21102\/","title":{"rendered":"Lkw erfasst Fu\u00dfg\u00e4ngerin: Marienplatz im Garmischer Zentrum gesperrt"},"content":{"rendered":"<div>Eine Fu\u00dfg\u00e4ngerin ist am Donnerstagvormittag am Marienplatz in Garmisch-Partenkirchen von einem Tanklastzug erfasst worden. Die Frau ist au\u00dfer Lebensgefahr. Polizei und Feuerwehr sind noch vor Ort.<\/div>\n","protected":false},"excerpt":{"rendered":"<p>Eine Fu\u00dfg\u00e4ngerin ist am Donnerstagvormittag am Marienplatz in Garmisch-Partenkirchen von einem Tanklastzug erfasst worden. Die Frau ist au\u00dfer Lebensgefahr. Polizei und Feuerwehr sind noch vor Ort.<\/p>\n","protected":false},"author":5,"featured_media":0,"comment_status":"closed","ping_status":"open","sticky":false,"template":"","format":"standard","meta":[],"categories":[5],"tags":[],"_links":{"self":[{"href":"http:\/\/cms.mtsomnii.de\/w7\/wp-json\/wp\/v2\/posts\/21102"}],"collection":[{"href":"http:\/\/cms.mtsomnii.de\/w7\/wp-json\/wp\/v2\/posts"}],"about":[{"href":"http:\/\/cms.mtsomnii.de\/w7\/wp-json\/wp\/v2\/types\/post"}],"author":[{"embeddable":true,"href":"http:\/\/cms.mtsomnii.de\/w7\/wp-json\/wp\/v2\/users\/5"}],"replies":[{"embeddable":true,"href":"http:\/\/cms.mtsomnii.de\/w7\/wp-json\/wp\/v2\/comments?post=21102"}],"version-history":[{"count":0,"href":"http:\/\/cms.mtsomnii.de\/w7\/wp-json\/wp\/v2\/posts\/21102\/revisions"}],"wp:attachment":[{"href":"http:\/\/cms.mtsomnii.de\/w7\/wp-json\/wp\/v2\/media?parent=21102"}],"wp:term":[{"taxonomy":"category","embeddable":true,"href":"http:\/\/cms.mtsomnii.de\/w7\/wp-json\/wp\/v2\/categories?post=21102"},{"taxonomy":"post_tag","embeddable":true,"href":"http:\/\/cms.mtsomnii.de\/w7\/wp-json\/wp\/v2\/tags?post=21102"}],"curies":[{"name":"wp","href":"https:\/\/api.w.org\/{rel}","templated":true}]}}