{"id":21113,"date":"2025-06-26T12:00:00","date_gmt":"2025-06-26T10:00:00","guid":{"rendered":"http:\/\/cms.mtsomnii.de\/w7\/kreisbote-gap\/bad-kohlgrub-laerm-kritik-landesregierung-bayern-kurort-verkehr-strassenfest-tempo-reduzierung-93803233-html-21113\/"},"modified":"2025-06-26T12:00:00","modified_gmt":"2025-06-26T10:00:00","slug":"bad-kohlgrub-laerm-kritik-landesregierung-bayern-kurort-verkehr-strassenfest-tempo-reduzierung-93803233-html","status":"publish","type":"post","link":"http:\/\/cms.mtsomnii.de\/w7\/kreisbote-gap\/bad-kohlgrub-laerm-kritik-landesregierung-bayern-kurort-verkehr-strassenfest-tempo-reduzierung-93803233-html-21113\/","title":{"rendered":"\u201eHat uns h\u00e4ngen lassen\u201c: Bad Kohlgrub kritisiert Bayerns Landesregierung \u2013 \u00c4rger um Verkehrsl\u00e4rm"},"content":{"rendered":"<div>Von au\u00dfen wirkt das Hauptstra\u00dfenfest wie ein fr\u00f6hliches Dorffest. Doch wer genauer hinsieht, erkennt: Hinter Blasmusik und Kinderschminken steckt ein stiller Hilfeschrei. Seit 21 Jahren trotzt Bad Kohlgrub dem L\u00e4rm \u2013 mit Kuchen, Seifenkisten und einem klaren Appell an die Landesregierung.<\/div>\n","protected":false},"excerpt":{"rendered":"<p>Von au\u00dfen wirkt das Hauptstra\u00dfenfest wie ein fr\u00f6hliches Dorffest. Doch wer genauer hinsieht, erkennt: Hinter Blasmusik und Kinderschminken steckt ein stiller Hilfeschrei. Seit 21 Jahren trotzt Bad Kohlgrub dem L\u00e4rm \u2013 mit Kuchen, Seifenkisten und einem klaren Appell an die Landesregierung.<\/p>\n","protected":false},"author":4,"featured_media":0,"comment_status":"closed","ping_status":"open","sticky":false,"template":"","format":"standard","meta":[],"categories":[2],"tags":[],"_links":{"self":[{"href":"http:\/\/cms.mtsomnii.de\/w7\/wp-json\/wp\/v2\/posts\/21113"}],"collection":[{"href":"http:\/\/cms.mtsomnii.de\/w7\/wp-json\/wp\/v2\/posts"}],"about":[{"href":"http:\/\/cms.mtsomnii.de\/w7\/wp-json\/wp\/v2\/types\/post"}],"author":[{"embeddable":true,"href":"http:\/\/cms.mtsomnii.de\/w7\/wp-json\/wp\/v2\/users\/4"}],"replies":[{"embeddable":true,"href":"http:\/\/cms.mtsomnii.de\/w7\/wp-json\/wp\/v2\/comments?post=21113"}],"version-history":[{"count":0,"href":"http:\/\/cms.mtsomnii.de\/w7\/wp-json\/wp\/v2\/posts\/21113\/revisions"}],"wp:attachment":[{"href":"http:\/\/cms.mtsomnii.de\/w7\/wp-json\/wp\/v2\/media?parent=21113"}],"wp:term":[{"taxonomy":"category","embeddable":true,"href":"http:\/\/cms.mtsomnii.de\/w7\/wp-json\/wp\/v2\/categories?post=21113"},{"taxonomy":"post_tag","embeddable":true,"href":"http:\/\/cms.mtsomnii.de\/w7\/wp-json\/wp\/v2\/tags?post=21113"}],"curies":[{"name":"wp","href":"https:\/\/api.w.org\/{rel}","templated":true}]}}