{"id":21124,"date":"2025-06-26T17:00:00","date_gmt":"2025-06-26T15:00:00","guid":{"rendered":"http:\/\/cms.mtsomnii.de\/w7\/kreisbote-gap\/gefahr-erkennen-wasserwacht-grainau-appelliert-an-badegaeste-93803315-html-21124\/"},"modified":"2025-06-26T17:00:00","modified_gmt":"2025-06-26T15:00:00","slug":"gefahr-erkennen-wasserwacht-grainau-appelliert-an-badegaeste-93803315-html","status":"publish","type":"post","link":"http:\/\/cms.mtsomnii.de\/w7\/kreisbote-gap\/gefahr-erkennen-wasserwacht-grainau-appelliert-an-badegaeste-93803315-html-21124\/","title":{"rendered":"Gefahr erkennen \u2013 Wasserwacht Grainau appelliert an Badeg\u00e4ste"},"content":{"rendered":"<div>Die letzten Wochenenden und Feiertage waren f\u00fcr viele ehrenamtliche Wasserretter in Bayern dramatisch. Mehrere Menschen gerieten bei Bade- oder Bootsunf\u00e4llen in Lebensgefahr oder ertranken.<\/div>\n","protected":false},"excerpt":{"rendered":"<p>Die letzten Wochenenden und Feiertage waren f\u00fcr viele ehrenamtliche Wasserretter in Bayern dramatisch. Mehrere Menschen gerieten bei Bade- oder Bootsunf\u00e4llen in Lebensgefahr oder ertranken.<\/p>\n","protected":false},"author":4,"featured_media":0,"comment_status":"closed","ping_status":"open","sticky":false,"template":"","format":"standard","meta":[],"categories":[2],"tags":[],"_links":{"self":[{"href":"http:\/\/cms.mtsomnii.de\/w7\/wp-json\/wp\/v2\/posts\/21124"}],"collection":[{"href":"http:\/\/cms.mtsomnii.de\/w7\/wp-json\/wp\/v2\/posts"}],"about":[{"href":"http:\/\/cms.mtsomnii.de\/w7\/wp-json\/wp\/v2\/types\/post"}],"author":[{"embeddable":true,"href":"http:\/\/cms.mtsomnii.de\/w7\/wp-json\/wp\/v2\/users\/4"}],"replies":[{"embeddable":true,"href":"http:\/\/cms.mtsomnii.de\/w7\/wp-json\/wp\/v2\/comments?post=21124"}],"version-history":[{"count":0,"href":"http:\/\/cms.mtsomnii.de\/w7\/wp-json\/wp\/v2\/posts\/21124\/revisions"}],"wp:attachment":[{"href":"http:\/\/cms.mtsomnii.de\/w7\/wp-json\/wp\/v2\/media?parent=21124"}],"wp:term":[{"taxonomy":"category","embeddable":true,"href":"http:\/\/cms.mtsomnii.de\/w7\/wp-json\/wp\/v2\/categories?post=21124"},{"taxonomy":"post_tag","embeddable":true,"href":"http:\/\/cms.mtsomnii.de\/w7\/wp-json\/wp\/v2\/tags?post=21124"}],"curies":[{"name":"wp","href":"https:\/\/api.w.org\/{rel}","templated":true}]}}