{"id":21139,"date":"2025-06-28T16:00:00","date_gmt":"2025-06-28T14:00:00","guid":{"rendered":"http:\/\/cms.mtsomnii.de\/w7\/kreisbote-gap\/die-richard-strauss-tage-2025-starten-erfolgreich-93803293-html-21139\/"},"modified":"2025-06-28T16:00:00","modified_gmt":"2025-06-28T14:00:00","slug":"die-richard-strauss-tage-2025-starten-erfolgreich-93803293-html","status":"publish","type":"post","link":"http:\/\/cms.mtsomnii.de\/w7\/kreisbote-gap\/die-richard-strauss-tage-2025-starten-erfolgreich-93803293-html-21139\/","title":{"rendered":"Garmisch-Partenkirchen: Die Richard Strauss-Tage 2025 starten erfolgreich"},"content":{"rendered":"<div>Festtagsstimmung im Garmisch-Partenkirchner Michael-Ende-Kurpark: G\u00e4ste aus der lokalen Polit-Prominenz, vom Bezirk Oberbayern, aus der hiesigen Kunst- und Kultur-Szene, dem Gebirgsmusikkorps der Bundeswehr und Ehrenb\u00fcrger wurden am vergangenen Sonntagvormittag von Elisabeth Koch, B\u00fcrgermeisterin der Marktgemeinde Garmisch-Partenkirchen, und Dr. Dominik Sedivy, K\u00fcnstlerischer Leiter des Events Richard-Strauss-Tage, begr\u00fc\u00dft.<\/div>\n","protected":false},"excerpt":{"rendered":"<p>Festtagsstimmung im Garmisch-Partenkirchner Michael-Ende-Kurpark: G\u00e4ste aus der lokalen Polit-Prominenz, vom Bezirk Oberbayern, aus der hiesigen Kunst- und Kultur-Szene, dem Gebirgsmusikkorps der Bundeswehr und Ehrenb\u00fcrger wurden am vergangenen Sonntagvormittag von Elisabeth Koch, B\u00fcrgermeisterin der Marktgemeinde Garmisch-Partenkirchen, und Dr. Dominik Sedivy, K\u00fcnstlerischer Leiter des Events Richard-Strauss-Tage, begr\u00fc\u00dft.<\/p>\n","protected":false},"author":4,"featured_media":0,"comment_status":"closed","ping_status":"open","sticky":false,"template":"","format":"standard","meta":[],"categories":[2],"tags":[],"_links":{"self":[{"href":"http:\/\/cms.mtsomnii.de\/w7\/wp-json\/wp\/v2\/posts\/21139"}],"collection":[{"href":"http:\/\/cms.mtsomnii.de\/w7\/wp-json\/wp\/v2\/posts"}],"about":[{"href":"http:\/\/cms.mtsomnii.de\/w7\/wp-json\/wp\/v2\/types\/post"}],"author":[{"embeddable":true,"href":"http:\/\/cms.mtsomnii.de\/w7\/wp-json\/wp\/v2\/users\/4"}],"replies":[{"embeddable":true,"href":"http:\/\/cms.mtsomnii.de\/w7\/wp-json\/wp\/v2\/comments?post=21139"}],"version-history":[{"count":0,"href":"http:\/\/cms.mtsomnii.de\/w7\/wp-json\/wp\/v2\/posts\/21139\/revisions"}],"wp:attachment":[{"href":"http:\/\/cms.mtsomnii.de\/w7\/wp-json\/wp\/v2\/media?parent=21139"}],"wp:term":[{"taxonomy":"category","embeddable":true,"href":"http:\/\/cms.mtsomnii.de\/w7\/wp-json\/wp\/v2\/categories?post=21139"},{"taxonomy":"post_tag","embeddable":true,"href":"http:\/\/cms.mtsomnii.de\/w7\/wp-json\/wp\/v2\/tags?post=21139"}],"curies":[{"name":"wp","href":"https:\/\/api.w.org\/{rel}","templated":true}]}}