{"id":21141,"date":"2025-06-29T22:32:18","date_gmt":"2025-06-29T20:32:18","guid":{"rendered":"http:\/\/cms.mtsomnii.de\/w7\/merkur-de-gap\/buergerentscheid-zum-wellenberg-klares-nein-zum-grundstuecksverkauf-93808755-html-21141\/"},"modified":"2025-06-29T22:32:18","modified_gmt":"2025-06-29T20:32:18","slug":"buergerentscheid-zum-wellenberg-klares-nein-zum-grundstuecksverkauf-93808755-html","status":"publish","type":"post","link":"http:\/\/cms.mtsomnii.de\/w7\/merkur-de-gap\/buergerentscheid-zum-wellenberg-klares-nein-zum-grundstuecksverkauf-93808755-html-21141\/","title":{"rendered":"B\u00fcrgerentscheid zum Wellenberg: Klares \u201eNein\u201c zum Grundst\u00fccksverkauf"},"content":{"rendered":"<div>Die Oberammergauer haben ein deutliches Signal gesendet: \u00dcber 2100 Wahlberechtigte haben ihre Stimme beim Wellenberg-B\u00fcrgerentscheid abgegeben. \u00dcber 80 Prozent sprachen sich gegen den Verkauf von einer Teilfl\u00e4che aus.<\/div>\n","protected":false},"excerpt":{"rendered":"<p>Die Oberammergauer haben ein deutliches Signal gesendet: \u00dcber 2100 Wahlberechtigte haben ihre Stimme beim Wellenberg-B\u00fcrgerentscheid abgegeben. \u00dcber 80 Prozent sprachen sich gegen den Verkauf von einer Teilfl\u00e4che aus.<\/p>\n","protected":false},"author":5,"featured_media":0,"comment_status":"closed","ping_status":"open","sticky":false,"template":"","format":"standard","meta":[],"categories":[5],"tags":[],"_links":{"self":[{"href":"http:\/\/cms.mtsomnii.de\/w7\/wp-json\/wp\/v2\/posts\/21141"}],"collection":[{"href":"http:\/\/cms.mtsomnii.de\/w7\/wp-json\/wp\/v2\/posts"}],"about":[{"href":"http:\/\/cms.mtsomnii.de\/w7\/wp-json\/wp\/v2\/types\/post"}],"author":[{"embeddable":true,"href":"http:\/\/cms.mtsomnii.de\/w7\/wp-json\/wp\/v2\/users\/5"}],"replies":[{"embeddable":true,"href":"http:\/\/cms.mtsomnii.de\/w7\/wp-json\/wp\/v2\/comments?post=21141"}],"version-history":[{"count":0,"href":"http:\/\/cms.mtsomnii.de\/w7\/wp-json\/wp\/v2\/posts\/21141\/revisions"}],"wp:attachment":[{"href":"http:\/\/cms.mtsomnii.de\/w7\/wp-json\/wp\/v2\/media?parent=21141"}],"wp:term":[{"taxonomy":"category","embeddable":true,"href":"http:\/\/cms.mtsomnii.de\/w7\/wp-json\/wp\/v2\/categories?post=21141"},{"taxonomy":"post_tag","embeddable":true,"href":"http:\/\/cms.mtsomnii.de\/w7\/wp-json\/wp\/v2\/tags?post=21141"}],"curies":[{"name":"wp","href":"https:\/\/api.w.org\/{rel}","templated":true}]}}