{"id":21143,"date":"2025-06-30T16:25:00","date_gmt":"2025-06-30T14:25:00","guid":{"rendered":"http:\/\/cms.mtsomnii.de\/w7\/merkur-de-gap\/premiere-des-christopher-street-day-murnau-unterm-regenbogen-93810005-html-21143\/"},"modified":"2025-06-30T16:25:00","modified_gmt":"2025-06-30T14:25:00","slug":"premiere-des-christopher-street-day-murnau-unterm-regenbogen-93810005-html","status":"publish","type":"post","link":"http:\/\/cms.mtsomnii.de\/w7\/merkur-de-gap\/premiere-des-christopher-street-day-murnau-unterm-regenbogen-93810005-html-21143\/","title":{"rendered":"Premiere des Christopher Street Day: Murnau unterm Regenbogen"},"content":{"rendered":"<div>M\u00fcnchen, Leipzig, W\u00fcrzburg und und und: Hunderttausende haben am Wochenende beim Christopher Street Day (CSD) f\u00fcr die Rechte queerer Menschen demonstriert und gefeiert. Murnau zieht am 19. Juli im kleineren Rahmen nach \u2013 zum ersten Mal \u00fcberhaupt. Die Polizei rechnet nicht mit St\u00f6rungen.<\/div>\n","protected":false},"excerpt":{"rendered":"<p>M\u00fcnchen, Leipzig, W\u00fcrzburg und und und: Hunderttausende haben am Wochenende beim Christopher Street Day (CSD) f\u00fcr die Rechte queerer Menschen demonstriert und gefeiert. Murnau zieht am 19. Juli im kleineren Rahmen nach \u2013 zum ersten Mal \u00fcberhaupt. Die Polizei rechnet nicht mit St\u00f6rungen.<\/p>\n","protected":false},"author":5,"featured_media":0,"comment_status":"closed","ping_status":"open","sticky":false,"template":"","format":"standard","meta":[],"categories":[5],"tags":[],"_links":{"self":[{"href":"http:\/\/cms.mtsomnii.de\/w7\/wp-json\/wp\/v2\/posts\/21143"}],"collection":[{"href":"http:\/\/cms.mtsomnii.de\/w7\/wp-json\/wp\/v2\/posts"}],"about":[{"href":"http:\/\/cms.mtsomnii.de\/w7\/wp-json\/wp\/v2\/types\/post"}],"author":[{"embeddable":true,"href":"http:\/\/cms.mtsomnii.de\/w7\/wp-json\/wp\/v2\/users\/5"}],"replies":[{"embeddable":true,"href":"http:\/\/cms.mtsomnii.de\/w7\/wp-json\/wp\/v2\/comments?post=21143"}],"version-history":[{"count":0,"href":"http:\/\/cms.mtsomnii.de\/w7\/wp-json\/wp\/v2\/posts\/21143\/revisions"}],"wp:attachment":[{"href":"http:\/\/cms.mtsomnii.de\/w7\/wp-json\/wp\/v2\/media?parent=21143"}],"wp:term":[{"taxonomy":"category","embeddable":true,"href":"http:\/\/cms.mtsomnii.de\/w7\/wp-json\/wp\/v2\/categories?post=21143"},{"taxonomy":"post_tag","embeddable":true,"href":"http:\/\/cms.mtsomnii.de\/w7\/wp-json\/wp\/v2\/tags?post=21143"}],"curies":[{"name":"wp","href":"https:\/\/api.w.org\/{rel}","templated":true}]}}