{"id":21149,"date":"2025-07-02T10:00:00","date_gmt":"2025-07-02T08:00:00","guid":{"rendered":"http:\/\/cms.mtsomnii.de\/w7\/merkur-de-gap\/buergermeisterwahl-ominoeser-anruf-bei-der-afd-93813171-html-21149\/"},"modified":"2025-07-02T10:00:00","modified_gmt":"2025-07-02T08:00:00","slug":"buergermeisterwahl-ominoeser-anruf-bei-der-afd-93813171-html","status":"publish","type":"post","link":"http:\/\/cms.mtsomnii.de\/w7\/merkur-de-gap\/buergermeisterwahl-ominoeser-anruf-bei-der-afd-93813171-html-21149\/","title":{"rendered":"Omin\u00f6ser Anruf bei der AfD"},"content":{"rendered":"<div>Die Ank\u00fcndigung von Karwendelbahn-Chef Wolfgang W. Reich, m\u00f6glicherweise 2026 in Mittenwald als B\u00fcrgermeister zu kandidieren, sorgte im M\u00e4rz f\u00fcr \u00dcberraschung. Seitdem ist es sehr ruhig geworden. Doch hinter den Kulissen wollte Familie Reich offenbar Kontakt mit der rechtspopulistischen AfD aufnehmen.<\/div>\n","protected":false},"excerpt":{"rendered":"<p>Die Ank\u00fcndigung von Karwendelbahn-Chef Wolfgang W. Reich, m\u00f6glicherweise 2026 in Mittenwald als B\u00fcrgermeister zu kandidieren, sorgte im M\u00e4rz f\u00fcr \u00dcberraschung. Seitdem ist es sehr ruhig geworden. Doch hinter den Kulissen wollte Familie Reich offenbar Kontakt mit der rechtspopulistischen AfD aufnehmen.<\/p>\n","protected":false},"author":5,"featured_media":0,"comment_status":"closed","ping_status":"open","sticky":false,"template":"","format":"standard","meta":[],"categories":[5],"tags":[],"_links":{"self":[{"href":"http:\/\/cms.mtsomnii.de\/w7\/wp-json\/wp\/v2\/posts\/21149"}],"collection":[{"href":"http:\/\/cms.mtsomnii.de\/w7\/wp-json\/wp\/v2\/posts"}],"about":[{"href":"http:\/\/cms.mtsomnii.de\/w7\/wp-json\/wp\/v2\/types\/post"}],"author":[{"embeddable":true,"href":"http:\/\/cms.mtsomnii.de\/w7\/wp-json\/wp\/v2\/users\/5"}],"replies":[{"embeddable":true,"href":"http:\/\/cms.mtsomnii.de\/w7\/wp-json\/wp\/v2\/comments?post=21149"}],"version-history":[{"count":0,"href":"http:\/\/cms.mtsomnii.de\/w7\/wp-json\/wp\/v2\/posts\/21149\/revisions"}],"wp:attachment":[{"href":"http:\/\/cms.mtsomnii.de\/w7\/wp-json\/wp\/v2\/media?parent=21149"}],"wp:term":[{"taxonomy":"category","embeddable":true,"href":"http:\/\/cms.mtsomnii.de\/w7\/wp-json\/wp\/v2\/categories?post=21149"},{"taxonomy":"post_tag","embeddable":true,"href":"http:\/\/cms.mtsomnii.de\/w7\/wp-json\/wp\/v2\/tags?post=21149"}],"curies":[{"name":"wp","href":"https:\/\/api.w.org\/{rel}","templated":true}]}}