{"id":21169,"date":"2025-07-05T08:00:00","date_gmt":"2025-07-05T06:00:00","guid":{"rendered":"http:\/\/cms.mtsomnii.de\/w7\/kreisbote-gap\/neben-den-container-daneben-landratsamt-ruft-zur-richtigen-entsorgung-von-kleidung-und-abfaellen-auf-93811627-html-21169\/"},"modified":"2025-07-05T08:00:00","modified_gmt":"2025-07-05T06:00:00","slug":"neben-den-container-daneben-landratsamt-ruft-zur-richtigen-entsorgung-von-kleidung-und-abfaellen-auf-93811627-html","status":"publish","type":"post","link":"http:\/\/cms.mtsomnii.de\/w7\/kreisbote-gap\/neben-den-container-daneben-landratsamt-ruft-zur-richtigen-entsorgung-von-kleidung-und-abfaellen-auf-93811627-html-21169\/","title":{"rendered":"Landratsamt ruft zur richtigen Entsorgung von Kleidung und Abf\u00e4llen auf"},"content":{"rendered":"<div>Illegale M\u00fcllablagerungen an Altkleider- und Glascontainern nehmen zu. Die Abfallwirtschaft des Landkreises appelliert an alle B\u00fcrger, keine Textilien oder Abf\u00e4lle neben die Container zu stellenen!\u201c<\/div>\n","protected":false},"excerpt":{"rendered":"<p>Illegale M\u00fcllablagerungen an Altkleider- und Glascontainern nehmen zu. Die Abfallwirtschaft des Landkreises appelliert an alle B\u00fcrger, keine Textilien oder Abf\u00e4lle neben die Container zu stellenen!\u201c<\/p>\n","protected":false},"author":4,"featured_media":0,"comment_status":"closed","ping_status":"open","sticky":false,"template":"","format":"standard","meta":[],"categories":[2],"tags":[],"_links":{"self":[{"href":"http:\/\/cms.mtsomnii.de\/w7\/wp-json\/wp\/v2\/posts\/21169"}],"collection":[{"href":"http:\/\/cms.mtsomnii.de\/w7\/wp-json\/wp\/v2\/posts"}],"about":[{"href":"http:\/\/cms.mtsomnii.de\/w7\/wp-json\/wp\/v2\/types\/post"}],"author":[{"embeddable":true,"href":"http:\/\/cms.mtsomnii.de\/w7\/wp-json\/wp\/v2\/users\/4"}],"replies":[{"embeddable":true,"href":"http:\/\/cms.mtsomnii.de\/w7\/wp-json\/wp\/v2\/comments?post=21169"}],"version-history":[{"count":0,"href":"http:\/\/cms.mtsomnii.de\/w7\/wp-json\/wp\/v2\/posts\/21169\/revisions"}],"wp:attachment":[{"href":"http:\/\/cms.mtsomnii.de\/w7\/wp-json\/wp\/v2\/media?parent=21169"}],"wp:term":[{"taxonomy":"category","embeddable":true,"href":"http:\/\/cms.mtsomnii.de\/w7\/wp-json\/wp\/v2\/categories?post=21169"},{"taxonomy":"post_tag","embeddable":true,"href":"http:\/\/cms.mtsomnii.de\/w7\/wp-json\/wp\/v2\/tags?post=21169"}],"curies":[{"name":"wp","href":"https:\/\/api.w.org\/{rel}","templated":true}]}}