{"id":21187,"date":"2025-07-06T12:03:45","date_gmt":"2025-07-06T10:03:45","guid":{"rendered":"http:\/\/cms.mtsomnii.de\/w7\/merkur-de-gap\/kind-und-vater-nach-eibsee-unglueck-vermisst-bilder-zeigen-aufwaendige-suchmassnahmen-93820079-html-2-21187\/"},"modified":"2025-07-06T12:03:45","modified_gmt":"2025-07-06T10:03:45","slug":"kind-und-vater-nach-eibsee-unglueck-vermisst-bilder-zeigen-aufwaendige-suchmassnahmen-93820079-html-2","status":"publish","type":"post","link":"http:\/\/cms.mtsomnii.de\/w7\/merkur-de-gap\/kind-und-vater-nach-eibsee-unglueck-vermisst-bilder-zeigen-aufwaendige-suchmassnahmen-93820079-html-2-21187\/","title":{"rendered":"Kind (6) und Vater nach Eibsee-Ungl\u00fcck vermisst: Bilder zeigen aufw\u00e4ndige Suchma\u00dfnahmen"},"content":{"rendered":"<div>Nach einem Tretboot-Ausflug auf dem Eibsee werden ein Sechsj\u00e4hriger und sein Vater vermisst. Zahlreiche Retter sind an der Suche beteiligt.<\/div>\n","protected":false},"excerpt":{"rendered":"<p>Nach einem Tretboot-Ausflug auf dem Eibsee werden ein Sechsj\u00e4hriger und sein Vater vermisst. Zahlreiche Retter sind an der Suche beteiligt.<\/p>\n","protected":false},"author":5,"featured_media":0,"comment_status":"closed","ping_status":"open","sticky":false,"template":"","format":"standard","meta":[],"categories":[5],"tags":[],"_links":{"self":[{"href":"http:\/\/cms.mtsomnii.de\/w7\/wp-json\/wp\/v2\/posts\/21187"}],"collection":[{"href":"http:\/\/cms.mtsomnii.de\/w7\/wp-json\/wp\/v2\/posts"}],"about":[{"href":"http:\/\/cms.mtsomnii.de\/w7\/wp-json\/wp\/v2\/types\/post"}],"author":[{"embeddable":true,"href":"http:\/\/cms.mtsomnii.de\/w7\/wp-json\/wp\/v2\/users\/5"}],"replies":[{"embeddable":true,"href":"http:\/\/cms.mtsomnii.de\/w7\/wp-json\/wp\/v2\/comments?post=21187"}],"version-history":[{"count":0,"href":"http:\/\/cms.mtsomnii.de\/w7\/wp-json\/wp\/v2\/posts\/21187\/revisions"}],"wp:attachment":[{"href":"http:\/\/cms.mtsomnii.de\/w7\/wp-json\/wp\/v2\/media?parent=21187"}],"wp:term":[{"taxonomy":"category","embeddable":true,"href":"http:\/\/cms.mtsomnii.de\/w7\/wp-json\/wp\/v2\/categories?post=21187"},{"taxonomy":"post_tag","embeddable":true,"href":"http:\/\/cms.mtsomnii.de\/w7\/wp-json\/wp\/v2\/tags?post=21187"}],"curies":[{"name":"wp","href":"https:\/\/api.w.org\/{rel}","templated":true}]}}