{"id":21200,"date":"2025-07-06T16:49:05","date_gmt":"2025-07-06T14:49:05","guid":{"rendered":"http:\/\/cms.mtsomnii.de\/w7\/merkur-de-gap\/familiendrama-auf-eibsee-vater-und-sohn-gehen-unter-93820505-html-2-21200\/"},"modified":"2025-07-06T16:49:05","modified_gmt":"2025-07-06T14:49:05","slug":"familiendrama-auf-eibsee-vater-und-sohn-gehen-unter-93820505-html-2","status":"publish","type":"post","link":"http:\/\/cms.mtsomnii.de\/w7\/merkur-de-gap\/familiendrama-auf-eibsee-vater-und-sohn-gehen-unter-93820505-html-2-21200\/","title":{"rendered":"Familiendrama auf Eibsee: Vater und Sohn gehen unter \u2013 Suchaktion bislang erfolglos"},"content":{"rendered":"<div>Ein Familienausflug mit dem Tretboot auf dem Eibsee endete am Samstag (5. Juli) in einem Ungl\u00fcck: Ein sechsj\u00e4hriger Bub fiel ins Wasser, sein 33-j\u00e4hriger Vater sprang hinterher \u2013 beide tauchten nicht mehr auf. Eine gro\u00dfangelegte Suchaktion mit Hubschraubern, Tauchern und speziellem Sonar blieb bisher ohne Erfolg.<\/div>\n","protected":false},"excerpt":{"rendered":"<p>Ein Familienausflug mit dem Tretboot auf dem Eibsee endete am Samstag (5. Juli) in einem Ungl\u00fcck: Ein sechsj\u00e4hriger Bub fiel ins Wasser, sein 33-j\u00e4hriger Vater sprang hinterher \u2013 beide tauchten nicht mehr auf. Eine gro\u00dfangelegte Suchaktion mit Hubschraubern, Tauchern und speziellem Sonar blieb bisher ohne Erfolg.<\/p>\n","protected":false},"author":5,"featured_media":0,"comment_status":"closed","ping_status":"open","sticky":false,"template":"","format":"standard","meta":[],"categories":[5],"tags":[],"_links":{"self":[{"href":"http:\/\/cms.mtsomnii.de\/w7\/wp-json\/wp\/v2\/posts\/21200"}],"collection":[{"href":"http:\/\/cms.mtsomnii.de\/w7\/wp-json\/wp\/v2\/posts"}],"about":[{"href":"http:\/\/cms.mtsomnii.de\/w7\/wp-json\/wp\/v2\/types\/post"}],"author":[{"embeddable":true,"href":"http:\/\/cms.mtsomnii.de\/w7\/wp-json\/wp\/v2\/users\/5"}],"replies":[{"embeddable":true,"href":"http:\/\/cms.mtsomnii.de\/w7\/wp-json\/wp\/v2\/comments?post=21200"}],"version-history":[{"count":0,"href":"http:\/\/cms.mtsomnii.de\/w7\/wp-json\/wp\/v2\/posts\/21200\/revisions"}],"wp:attachment":[{"href":"http:\/\/cms.mtsomnii.de\/w7\/wp-json\/wp\/v2\/media?parent=21200"}],"wp:term":[{"taxonomy":"category","embeddable":true,"href":"http:\/\/cms.mtsomnii.de\/w7\/wp-json\/wp\/v2\/categories?post=21200"},{"taxonomy":"post_tag","embeddable":true,"href":"http:\/\/cms.mtsomnii.de\/w7\/wp-json\/wp\/v2\/tags?post=21200"}],"curies":[{"name":"wp","href":"https:\/\/api.w.org\/{rel}","templated":true}]}}