{"id":21303,"date":"2025-07-17T09:00:00","date_gmt":"2025-07-17T07:00:00","guid":{"rendered":"http:\/\/cms.mtsomnii.de\/w7\/merkur-de-gap\/weitblick-statt-ausblick-merz-auf-einladung-von-soeder-auf-zugspitze-93838384-html-2-21303\/"},"modified":"2025-07-17T09:00:00","modified_gmt":"2025-07-17T07:00:00","slug":"weitblick-statt-ausblick-merz-auf-einladung-von-soeder-auf-zugspitze-93838384-html-2","status":"publish","type":"post","link":"http:\/\/cms.mtsomnii.de\/w7\/merkur-de-gap\/weitblick-statt-ausblick-merz-auf-einladung-von-soeder-auf-zugspitze-93838384-html-2-21303\/","title":{"rendered":"Weitblick statt Ausblick &#8211; Merz auf Einladung von S\u00f6der auf Zugspitze"},"content":{"rendered":"<div>Leichter Nieselregen, Nebel und K\u00e4lte. So hatte sich Markus S\u00f6der den Empfang des Bundeskanzlers Friedrich Merz auf der Zugspitze am Dienstag ( 15. Juli) sicherlich nicht vorgestellt. Doch auf das Wetter hat selbst Bayerns Ministerpr\u00e4sident keinen Einfluss.<\/div>\n","protected":false},"excerpt":{"rendered":"<p>Leichter Nieselregen, Nebel und K\u00e4lte. So hatte sich Markus S\u00f6der den Empfang des Bundeskanzlers Friedrich Merz auf der Zugspitze am Dienstag ( 15. Juli) sicherlich nicht vorgestellt. Doch auf das Wetter hat selbst Bayerns Ministerpr\u00e4sident keinen Einfluss.<\/p>\n","protected":false},"author":5,"featured_media":0,"comment_status":"closed","ping_status":"open","sticky":false,"template":"","format":"standard","meta":[],"categories":[5],"tags":[],"_links":{"self":[{"href":"http:\/\/cms.mtsomnii.de\/w7\/wp-json\/wp\/v2\/posts\/21303"}],"collection":[{"href":"http:\/\/cms.mtsomnii.de\/w7\/wp-json\/wp\/v2\/posts"}],"about":[{"href":"http:\/\/cms.mtsomnii.de\/w7\/wp-json\/wp\/v2\/types\/post"}],"author":[{"embeddable":true,"href":"http:\/\/cms.mtsomnii.de\/w7\/wp-json\/wp\/v2\/users\/5"}],"replies":[{"embeddable":true,"href":"http:\/\/cms.mtsomnii.de\/w7\/wp-json\/wp\/v2\/comments?post=21303"}],"version-history":[{"count":0,"href":"http:\/\/cms.mtsomnii.de\/w7\/wp-json\/wp\/v2\/posts\/21303\/revisions"}],"wp:attachment":[{"href":"http:\/\/cms.mtsomnii.de\/w7\/wp-json\/wp\/v2\/media?parent=21303"}],"wp:term":[{"taxonomy":"category","embeddable":true,"href":"http:\/\/cms.mtsomnii.de\/w7\/wp-json\/wp\/v2\/categories?post=21303"},{"taxonomy":"post_tag","embeddable":true,"href":"http:\/\/cms.mtsomnii.de\/w7\/wp-json\/wp\/v2\/tags?post=21303"}],"curies":[{"name":"wp","href":"https:\/\/api.w.org\/{rel}","templated":true}]}}