{"id":21307,"date":"2025-07-18T16:00:00","date_gmt":"2025-07-18T14:00:00","guid":{"rendered":"http:\/\/cms.mtsomnii.de\/w7\/merkur-de-gap\/murnau-feiert-musik-menschen-und-mitgefuehl-beim-festival-rund-um-das-kultur-und-tagungszentrum-93838226-html-2-21307\/"},"modified":"2025-07-18T16:00:00","modified_gmt":"2025-07-18T14:00:00","slug":"murnau-feiert-musik-menschen-und-mitgefuehl-beim-festival-rund-um-das-kultur-und-tagungszentrum-93838226-html-2","status":"publish","type":"post","link":"http:\/\/cms.mtsomnii.de\/w7\/merkur-de-gap\/murnau-feiert-musik-menschen-und-mitgefuehl-beim-festival-rund-um-das-kultur-und-tagungszentrum-93838226-html-2-21307\/","title":{"rendered":"Murnau feiert Musik, Menschen und Mitgef\u00fchl beim Festival rund um das Kultur- und Tagungszentrum"},"content":{"rendered":"<div>Das Kulturknall-Festival kehrt zur\u00fcck und verspricht auch 2025 wieder ein vielf\u00e4ltiges Wochenende voller Musik, Kunst, Kultur und Kulinarik.<\/div>\n","protected":false},"excerpt":{"rendered":"<p>Das Kulturknall-Festival kehrt zur\u00fcck und verspricht auch 2025 wieder ein vielf\u00e4ltiges Wochenende voller Musik, Kunst, Kultur und Kulinarik.<\/p>\n","protected":false},"author":5,"featured_media":0,"comment_status":"closed","ping_status":"open","sticky":false,"template":"","format":"standard","meta":[],"categories":[5],"tags":[],"_links":{"self":[{"href":"http:\/\/cms.mtsomnii.de\/w7\/wp-json\/wp\/v2\/posts\/21307"}],"collection":[{"href":"http:\/\/cms.mtsomnii.de\/w7\/wp-json\/wp\/v2\/posts"}],"about":[{"href":"http:\/\/cms.mtsomnii.de\/w7\/wp-json\/wp\/v2\/types\/post"}],"author":[{"embeddable":true,"href":"http:\/\/cms.mtsomnii.de\/w7\/wp-json\/wp\/v2\/users\/5"}],"replies":[{"embeddable":true,"href":"http:\/\/cms.mtsomnii.de\/w7\/wp-json\/wp\/v2\/comments?post=21307"}],"version-history":[{"count":0,"href":"http:\/\/cms.mtsomnii.de\/w7\/wp-json\/wp\/v2\/posts\/21307\/revisions"}],"wp:attachment":[{"href":"http:\/\/cms.mtsomnii.de\/w7\/wp-json\/wp\/v2\/media?parent=21307"}],"wp:term":[{"taxonomy":"category","embeddable":true,"href":"http:\/\/cms.mtsomnii.de\/w7\/wp-json\/wp\/v2\/categories?post=21307"},{"taxonomy":"post_tag","embeddable":true,"href":"http:\/\/cms.mtsomnii.de\/w7\/wp-json\/wp\/v2\/tags?post=21307"}],"curies":[{"name":"wp","href":"https:\/\/api.w.org\/{rel}","templated":true}]}}