{"id":21335,"date":"2025-07-23T11:24:24","date_gmt":"2025-07-23T09:24:24","guid":{"rendered":"http:\/\/cms.mtsomnii.de\/w7\/kreisbote-gap\/innenminister-treffen-auf-zugspitze-haerterer-kurs-in-migrationspolitik-93847921-html-21335\/"},"modified":"2025-07-23T11:24:24","modified_gmt":"2025-07-23T09:24:24","slug":"innenminister-treffen-auf-zugspitze-haerterer-kurs-in-migrationspolitik-93847921-html","status":"publish","type":"post","link":"http:\/\/cms.mtsomnii.de\/w7\/kreisbote-gap\/innenminister-treffen-auf-zugspitze-haerterer-kurs-in-migrationspolitik-93847921-html-21335\/","title":{"rendered":"Innenminister-Treffen auf Zugspitze: H\u00e4rterer Kurs in Migrationspolitik"},"content":{"rendered":"<div>Grenzenlose Sicht, das erhofft man sich auf dem Gipfel der Zugspitze. Doch kurz bevor die Pressekonferenz zum Thema Migration beginnt, ziehen Wolken auf und verschleiern die Sicht bis auf wenige Meter. Symboltr\u00e4chtig, denn die Grenzen besser sch\u00fctzen, das ist das erkl\u00e4rte Ziel der Innenminister, die sich am Freitag (18. Juli) auf der Spitze Deutschlands trafen.<\/div>\n","protected":false},"excerpt":{"rendered":"<p>Grenzenlose Sicht, das erhofft man sich auf dem Gipfel der Zugspitze. Doch kurz bevor die Pressekonferenz zum Thema Migration beginnt, ziehen Wolken auf und verschleiern die Sicht bis auf wenige Meter. Symboltr\u00e4chtig, denn die Grenzen besser sch\u00fctzen, das ist das erkl\u00e4rte Ziel der Innenminister, die sich am Freitag (18. Juli) auf der Spitze Deutschlands trafen.<\/p>\n","protected":false},"author":4,"featured_media":0,"comment_status":"closed","ping_status":"open","sticky":false,"template":"","format":"standard","meta":[],"categories":[2],"tags":[],"_links":{"self":[{"href":"http:\/\/cms.mtsomnii.de\/w7\/wp-json\/wp\/v2\/posts\/21335"}],"collection":[{"href":"http:\/\/cms.mtsomnii.de\/w7\/wp-json\/wp\/v2\/posts"}],"about":[{"href":"http:\/\/cms.mtsomnii.de\/w7\/wp-json\/wp\/v2\/types\/post"}],"author":[{"embeddable":true,"href":"http:\/\/cms.mtsomnii.de\/w7\/wp-json\/wp\/v2\/users\/4"}],"replies":[{"embeddable":true,"href":"http:\/\/cms.mtsomnii.de\/w7\/wp-json\/wp\/v2\/comments?post=21335"}],"version-history":[{"count":0,"href":"http:\/\/cms.mtsomnii.de\/w7\/wp-json\/wp\/v2\/posts\/21335\/revisions"}],"wp:attachment":[{"href":"http:\/\/cms.mtsomnii.de\/w7\/wp-json\/wp\/v2\/media?parent=21335"}],"wp:term":[{"taxonomy":"category","embeddable":true,"href":"http:\/\/cms.mtsomnii.de\/w7\/wp-json\/wp\/v2\/categories?post=21335"},{"taxonomy":"post_tag","embeddable":true,"href":"http:\/\/cms.mtsomnii.de\/w7\/wp-json\/wp\/v2\/tags?post=21335"}],"curies":[{"name":"wp","href":"https:\/\/api.w.org\/{rel}","templated":true}]}}