{"id":21341,"date":"2025-07-24T09:00:00","date_gmt":"2025-07-24T07:00:00","guid":{"rendered":"http:\/\/cms.mtsomnii.de\/w7\/merkur-de-gap\/traditionshaus-hotelname-verschwindet-aus-garmisch-partenkirchen-93849371-html-21341\/"},"modified":"2025-07-24T09:00:00","modified_gmt":"2025-07-24T07:00:00","slug":"traditionshaus-hotelname-verschwindet-aus-garmisch-partenkirchen-93849371-html","status":"publish","type":"post","link":"http:\/\/cms.mtsomnii.de\/w7\/merkur-de-gap\/traditionshaus-hotelname-verschwindet-aus-garmisch-partenkirchen-93849371-html-21341\/","title":{"rendered":"Traditionshaus in Tourismusort: Name verschwindet aus Ortsbild \u2013 Familie r\u00e4umt mit Ger\u00fcchten auf"},"content":{"rendered":"<div>Die letzten G\u00e4ste reisen am 7. September ab. Dann schlie\u00dft Reindls Partenkirchner Hof. Um ein paar Monate sp\u00e4ter wieder zu er\u00f6ffnen. Komplett renoviert. Und unter neuem Namen.<\/div>\n","protected":false},"excerpt":{"rendered":"<p>Die letzten G\u00e4ste reisen am 7. September ab. Dann schlie\u00dft Reindls Partenkirchner Hof. Um ein paar Monate sp\u00e4ter wieder zu er\u00f6ffnen. Komplett renoviert. Und unter neuem Namen.<\/p>\n","protected":false},"author":5,"featured_media":0,"comment_status":"closed","ping_status":"open","sticky":false,"template":"","format":"standard","meta":[],"categories":[5],"tags":[],"_links":{"self":[{"href":"http:\/\/cms.mtsomnii.de\/w7\/wp-json\/wp\/v2\/posts\/21341"}],"collection":[{"href":"http:\/\/cms.mtsomnii.de\/w7\/wp-json\/wp\/v2\/posts"}],"about":[{"href":"http:\/\/cms.mtsomnii.de\/w7\/wp-json\/wp\/v2\/types\/post"}],"author":[{"embeddable":true,"href":"http:\/\/cms.mtsomnii.de\/w7\/wp-json\/wp\/v2\/users\/5"}],"replies":[{"embeddable":true,"href":"http:\/\/cms.mtsomnii.de\/w7\/wp-json\/wp\/v2\/comments?post=21341"}],"version-history":[{"count":0,"href":"http:\/\/cms.mtsomnii.de\/w7\/wp-json\/wp\/v2\/posts\/21341\/revisions"}],"wp:attachment":[{"href":"http:\/\/cms.mtsomnii.de\/w7\/wp-json\/wp\/v2\/media?parent=21341"}],"wp:term":[{"taxonomy":"category","embeddable":true,"href":"http:\/\/cms.mtsomnii.de\/w7\/wp-json\/wp\/v2\/categories?post=21341"},{"taxonomy":"post_tag","embeddable":true,"href":"http:\/\/cms.mtsomnii.de\/w7\/wp-json\/wp\/v2\/tags?post=21341"}],"curies":[{"name":"wp","href":"https:\/\/api.w.org\/{rel}","templated":true}]}}