{"id":21342,"date":"2025-07-24T11:35:00","date_gmt":"2025-07-24T09:35:00","guid":{"rendered":"http:\/\/cms.mtsomnii.de\/w7\/merkur-de-gap\/murnau-bayern-murnau-weilheim-und-peissenberg-wollen-netzgesellschaft-gruenden-93849915-html-21342\/"},"modified":"2025-07-24T11:35:00","modified_gmt":"2025-07-24T09:35:00","slug":"murnau-bayern-murnau-weilheim-und-peissenberg-wollen-netzgesellschaft-gruenden-93849915-html","status":"publish","type":"post","link":"http:\/\/cms.mtsomnii.de\/w7\/merkur-de-gap\/murnau-bayern-murnau-weilheim-und-peissenberg-wollen-netzgesellschaft-gruenden-93849915-html-21342\/","title":{"rendered":"Die Kr\u00e4fte b\u00fcndeln beim Breitbandausbau: Murnau, Weilheim und Pei\u00dfenberg wollen Netzgesellschaft gr\u00fcnden"},"content":{"rendered":"<div>Murnau, Weilheim und Pei\u00dfenberg wollen in Sachen Breitbandausbau eine Netzgesellschaft gr\u00fcnden. In Murnau wurde jetzt ein Kooperationsvertrag unterzeichnet.<\/div>\n","protected":false},"excerpt":{"rendered":"<p>Murnau, Weilheim und Pei\u00dfenberg wollen in Sachen Breitbandausbau eine Netzgesellschaft gr\u00fcnden. In Murnau wurde jetzt ein Kooperationsvertrag unterzeichnet.<\/p>\n","protected":false},"author":5,"featured_media":0,"comment_status":"closed","ping_status":"open","sticky":false,"template":"","format":"standard","meta":[],"categories":[5],"tags":[],"_links":{"self":[{"href":"http:\/\/cms.mtsomnii.de\/w7\/wp-json\/wp\/v2\/posts\/21342"}],"collection":[{"href":"http:\/\/cms.mtsomnii.de\/w7\/wp-json\/wp\/v2\/posts"}],"about":[{"href":"http:\/\/cms.mtsomnii.de\/w7\/wp-json\/wp\/v2\/types\/post"}],"author":[{"embeddable":true,"href":"http:\/\/cms.mtsomnii.de\/w7\/wp-json\/wp\/v2\/users\/5"}],"replies":[{"embeddable":true,"href":"http:\/\/cms.mtsomnii.de\/w7\/wp-json\/wp\/v2\/comments?post=21342"}],"version-history":[{"count":0,"href":"http:\/\/cms.mtsomnii.de\/w7\/wp-json\/wp\/v2\/posts\/21342\/revisions"}],"wp:attachment":[{"href":"http:\/\/cms.mtsomnii.de\/w7\/wp-json\/wp\/v2\/media?parent=21342"}],"wp:term":[{"taxonomy":"category","embeddable":true,"href":"http:\/\/cms.mtsomnii.de\/w7\/wp-json\/wp\/v2\/categories?post=21342"},{"taxonomy":"post_tag","embeddable":true,"href":"http:\/\/cms.mtsomnii.de\/w7\/wp-json\/wp\/v2\/tags?post=21342"}],"curies":[{"name":"wp","href":"https:\/\/api.w.org\/{rel}","templated":true}]}}