{"id":21402,"date":"2025-07-30T12:25:00","date_gmt":"2025-07-30T10:25:00","guid":{"rendered":"http:\/\/cms.mtsomnii.de\/w7\/merkur-de-gap\/murnau-bayern-naechste-runde-bei-suche-nach-standort-fuer-wohnmobilstellplaetze-93858824-html-2-21402\/"},"modified":"2025-07-30T12:25:00","modified_gmt":"2025-07-30T10:25:00","slug":"murnau-bayern-naechste-runde-bei-suche-nach-standort-fuer-wohnmobilstellplaetze-93858824-html-2","status":"publish","type":"post","link":"http:\/\/cms.mtsomnii.de\/w7\/merkur-de-gap\/murnau-bayern-naechste-runde-bei-suche-nach-standort-fuer-wohnmobilstellplaetze-93858824-html-2-21402\/","title":{"rendered":"Stellpl\u00e4tze f\u00fcr Wohnmobile: N\u00e4chste Runde bei der Standortsuche"},"content":{"rendered":"<div>Die Schaffung weiterer Wohnmobilstellpl\u00e4tze in Murnau steht nach wie vor aus. Die fr\u00fchere Gr\u00fcngutdeponie in Weindorf ist vom Tisch.<\/div>\n","protected":false},"excerpt":{"rendered":"<p>Die Schaffung weiterer Wohnmobilstellpl\u00e4tze in Murnau steht nach wie vor aus. Die fr\u00fchere Gr\u00fcngutdeponie in Weindorf ist vom Tisch.<\/p>\n","protected":false},"author":5,"featured_media":0,"comment_status":"closed","ping_status":"open","sticky":false,"template":"","format":"standard","meta":[],"categories":[5],"tags":[],"_links":{"self":[{"href":"http:\/\/cms.mtsomnii.de\/w7\/wp-json\/wp\/v2\/posts\/21402"}],"collection":[{"href":"http:\/\/cms.mtsomnii.de\/w7\/wp-json\/wp\/v2\/posts"}],"about":[{"href":"http:\/\/cms.mtsomnii.de\/w7\/wp-json\/wp\/v2\/types\/post"}],"author":[{"embeddable":true,"href":"http:\/\/cms.mtsomnii.de\/w7\/wp-json\/wp\/v2\/users\/5"}],"replies":[{"embeddable":true,"href":"http:\/\/cms.mtsomnii.de\/w7\/wp-json\/wp\/v2\/comments?post=21402"}],"version-history":[{"count":0,"href":"http:\/\/cms.mtsomnii.de\/w7\/wp-json\/wp\/v2\/posts\/21402\/revisions"}],"wp:attachment":[{"href":"http:\/\/cms.mtsomnii.de\/w7\/wp-json\/wp\/v2\/media?parent=21402"}],"wp:term":[{"taxonomy":"category","embeddable":true,"href":"http:\/\/cms.mtsomnii.de\/w7\/wp-json\/wp\/v2\/categories?post=21402"},{"taxonomy":"post_tag","embeddable":true,"href":"http:\/\/cms.mtsomnii.de\/w7\/wp-json\/wp\/v2\/tags?post=21402"}],"curies":[{"name":"wp","href":"https:\/\/api.w.org\/{rel}","templated":true}]}}