{"id":21699,"date":"2025-09-03T07:10:00","date_gmt":"2025-09-03T05:10:00","guid":{"rendered":"http:\/\/cms.mtsomnii.de\/w7\/merkur-de-gap\/schaukaeserei-ettal-aendert-den-kurs-schoenegger-kaese-alm-uebernimmt-betrieb-93913827-html-21699\/"},"modified":"2025-09-03T07:10:00","modified_gmt":"2025-09-03T05:10:00","slug":"schaukaeserei-ettal-aendert-den-kurs-schoenegger-kaese-alm-uebernimmt-betrieb-93913827-html","status":"publish","type":"post","link":"http:\/\/cms.mtsomnii.de\/w7\/merkur-de-gap\/schaukaeserei-ettal-aendert-den-kurs-schoenegger-kaese-alm-uebernimmt-betrieb-93913827-html-21699\/","title":{"rendered":"Schauk\u00e4serei Ettal \u00e4ndert den Kurs: Sch\u00f6negger K\u00e4se-Alm \u00fcbernimmt Betrieb"},"content":{"rendered":"<div>Die Schauk\u00e4serei Ettal schl\u00e4gt neue Wege ein. Aufgrund der Folgen der Corona-Pandemie, des Fachkr\u00e4ftemangel und gestiegener Preise kann der Betrieb nicht mehr eigenst\u00e4ndig weitergef\u00fchrt werden.<\/div>\n","protected":false},"excerpt":{"rendered":"<p>Die Schauk\u00e4serei Ettal schl\u00e4gt neue Wege ein. Aufgrund der Folgen der Corona-Pandemie, des Fachkr\u00e4ftemangel und gestiegener Preise kann der Betrieb nicht mehr eigenst\u00e4ndig weitergef\u00fchrt werden.<\/p>\n","protected":false},"author":5,"featured_media":0,"comment_status":"closed","ping_status":"open","sticky":false,"template":"","format":"standard","meta":[],"categories":[5],"tags":[],"_links":{"self":[{"href":"http:\/\/cms.mtsomnii.de\/w7\/wp-json\/wp\/v2\/posts\/21699"}],"collection":[{"href":"http:\/\/cms.mtsomnii.de\/w7\/wp-json\/wp\/v2\/posts"}],"about":[{"href":"http:\/\/cms.mtsomnii.de\/w7\/wp-json\/wp\/v2\/types\/post"}],"author":[{"embeddable":true,"href":"http:\/\/cms.mtsomnii.de\/w7\/wp-json\/wp\/v2\/users\/5"}],"replies":[{"embeddable":true,"href":"http:\/\/cms.mtsomnii.de\/w7\/wp-json\/wp\/v2\/comments?post=21699"}],"version-history":[{"count":0,"href":"http:\/\/cms.mtsomnii.de\/w7\/wp-json\/wp\/v2\/posts\/21699\/revisions"}],"wp:attachment":[{"href":"http:\/\/cms.mtsomnii.de\/w7\/wp-json\/wp\/v2\/media?parent=21699"}],"wp:term":[{"taxonomy":"category","embeddable":true,"href":"http:\/\/cms.mtsomnii.de\/w7\/wp-json\/wp\/v2\/categories?post=21699"},{"taxonomy":"post_tag","embeddable":true,"href":"http:\/\/cms.mtsomnii.de\/w7\/wp-json\/wp\/v2\/tags?post=21699"}],"curies":[{"name":"wp","href":"https:\/\/api.w.org\/{rel}","templated":true}]}}