{"id":21862,"date":"2025-09-28T08:00:00","date_gmt":"2025-09-28T06:00:00","guid":{"rendered":"http:\/\/cms.mtsomnii.de\/w7\/merkur-de-gap\/75-jahre-skiclub-wallgau-beim-altvorstandtreffen-wird-sich-gemeinsam-erinnert-93953700-html-2-21862\/"},"modified":"2025-09-28T08:00:00","modified_gmt":"2025-09-28T06:00:00","slug":"75-jahre-skiclub-wallgau-beim-altvorstandtreffen-wird-sich-gemeinsam-erinnert-93953700-html-2","status":"publish","type":"post","link":"http:\/\/cms.mtsomnii.de\/w7\/merkur-de-gap\/75-jahre-skiclub-wallgau-beim-altvorstandtreffen-wird-sich-gemeinsam-erinnert-93953700-html-2-21862\/","title":{"rendered":"75 Jahre Skiclub Wallgau \u2013 beim Altvorstandtreffen wird sich gemeinsam erinnert"},"content":{"rendered":"<div>Es k\u00f6nnen sich sicherlich nicht mehr alle Einheimischen daran erinnern. Was der ein oder andere zwar  noch wissen k\u00f6nnte ist, dass es bis in die 90er Jahre einen Skilift in Wallgau gab, aber dass die \u201eSchanz\u201c auch eine Sportliche St\u00fctze f\u00fcr den Skiclub Wallgau war, das wissen die wenigsten. Hier wurden sogar Skisprung-Wettk\u00e4mpfe abgehalten.<\/div>\n","protected":false},"excerpt":{"rendered":"<p>Es k\u00f6nnen sich sicherlich nicht mehr alle Einheimischen daran erinnern. Was der ein oder andere zwar noch wissen k\u00f6nnte ist, dass es bis in die 90er Jahre einen Skilift in Wallgau gab, aber dass die \u201eSchanz\u201c auch eine Sportliche St\u00fctze f\u00fcr den Skiclub Wallgau war, das wissen die wenigsten. Hier wurden sogar Skisprung-Wettk\u00e4mpfe abgehalten.<\/p>\n","protected":false},"author":5,"featured_media":0,"comment_status":"closed","ping_status":"open","sticky":false,"template":"","format":"standard","meta":[],"categories":[5],"tags":[],"_links":{"self":[{"href":"http:\/\/cms.mtsomnii.de\/w7\/wp-json\/wp\/v2\/posts\/21862"}],"collection":[{"href":"http:\/\/cms.mtsomnii.de\/w7\/wp-json\/wp\/v2\/posts"}],"about":[{"href":"http:\/\/cms.mtsomnii.de\/w7\/wp-json\/wp\/v2\/types\/post"}],"author":[{"embeddable":true,"href":"http:\/\/cms.mtsomnii.de\/w7\/wp-json\/wp\/v2\/users\/5"}],"replies":[{"embeddable":true,"href":"http:\/\/cms.mtsomnii.de\/w7\/wp-json\/wp\/v2\/comments?post=21862"}],"version-history":[{"count":0,"href":"http:\/\/cms.mtsomnii.de\/w7\/wp-json\/wp\/v2\/posts\/21862\/revisions"}],"wp:attachment":[{"href":"http:\/\/cms.mtsomnii.de\/w7\/wp-json\/wp\/v2\/media?parent=21862"}],"wp:term":[{"taxonomy":"category","embeddable":true,"href":"http:\/\/cms.mtsomnii.de\/w7\/wp-json\/wp\/v2\/categories?post=21862"},{"taxonomy":"post_tag","embeddable":true,"href":"http:\/\/cms.mtsomnii.de\/w7\/wp-json\/wp\/v2\/tags?post=21862"}],"curies":[{"name":"wp","href":"https:\/\/api.w.org\/{rel}","templated":true}]}}