{"id":21870,"date":"2025-09-30T20:00:00","date_gmt":"2025-09-30T18:00:00","guid":{"rendered":"http:\/\/cms.mtsomnii.de\/w7\/merkur-de-gap\/felix-burger-kandidiert-erneut-fuer-den-murnauer-gemeinderat-93963277-html-21870\/"},"modified":"2025-09-30T20:00:00","modified_gmt":"2025-09-30T18:00:00","slug":"felix-burger-kandidiert-erneut-fuer-den-murnauer-gemeinderat-93963277-html","status":"publish","type":"post","link":"http:\/\/cms.mtsomnii.de\/w7\/merkur-de-gap\/felix-burger-kandidiert-erneut-fuer-den-murnauer-gemeinderat-93963277-html-21870\/","title":{"rendered":"Felix Burger kandidiert erneut f\u00fcr den Murnauer Gemeinderat"},"content":{"rendered":"<div>SPD-Hoffnungstr\u00e4ger Felix Burger bleibt parteilos und will junge Menschen f\u00fcr Kommunalpolitik begeistern \u2013 die B\u00fcrgermeisterfrage ist bei der SPD weiter offen.<\/div>\n","protected":false},"excerpt":{"rendered":"<p>SPD-Hoffnungstr\u00e4ger Felix Burger bleibt parteilos und will junge Menschen f\u00fcr Kommunalpolitik begeistern \u2013 die B\u00fcrgermeisterfrage ist bei der SPD weiter offen.<\/p>\n","protected":false},"author":5,"featured_media":0,"comment_status":"closed","ping_status":"open","sticky":false,"template":"","format":"standard","meta":[],"categories":[5],"tags":[],"_links":{"self":[{"href":"http:\/\/cms.mtsomnii.de\/w7\/wp-json\/wp\/v2\/posts\/21870"}],"collection":[{"href":"http:\/\/cms.mtsomnii.de\/w7\/wp-json\/wp\/v2\/posts"}],"about":[{"href":"http:\/\/cms.mtsomnii.de\/w7\/wp-json\/wp\/v2\/types\/post"}],"author":[{"embeddable":true,"href":"http:\/\/cms.mtsomnii.de\/w7\/wp-json\/wp\/v2\/users\/5"}],"replies":[{"embeddable":true,"href":"http:\/\/cms.mtsomnii.de\/w7\/wp-json\/wp\/v2\/comments?post=21870"}],"version-history":[{"count":0,"href":"http:\/\/cms.mtsomnii.de\/w7\/wp-json\/wp\/v2\/posts\/21870\/revisions"}],"wp:attachment":[{"href":"http:\/\/cms.mtsomnii.de\/w7\/wp-json\/wp\/v2\/media?parent=21870"}],"wp:term":[{"taxonomy":"category","embeddable":true,"href":"http:\/\/cms.mtsomnii.de\/w7\/wp-json\/wp\/v2\/categories?post=21870"},{"taxonomy":"post_tag","embeddable":true,"href":"http:\/\/cms.mtsomnii.de\/w7\/wp-json\/wp\/v2\/tags?post=21870"}],"curies":[{"name":"wp","href":"https:\/\/api.w.org\/{rel}","templated":true}]}}