{"id":21871,"date":"2025-10-01T06:00:00","date_gmt":"2025-10-01T04:00:00","guid":{"rendered":"http:\/\/cms.mtsomnii.de\/w7\/merkur-de-gap\/garmisch-partenkirchen-bringt-ortsbus-zum-halbstundentakt-zurueck-93963511-html-21871\/"},"modified":"2025-10-01T06:00:00","modified_gmt":"2025-10-01T04:00:00","slug":"garmisch-partenkirchen-bringt-ortsbus-zum-halbstundentakt-zurueck-93963511-html","status":"publish","type":"post","link":"http:\/\/cms.mtsomnii.de\/w7\/merkur-de-gap\/garmisch-partenkirchen-bringt-ortsbus-zum-halbstundentakt-zurueck-93963511-html-21871\/","title":{"rendered":"Garmisch-Partenkirchner Ortsbus ab 1. Oktober wieder im Halbstundentakt"},"content":{"rendered":"<div>Ab diesem Mittwoch fahren die Linien 1 und 2 in Garmisch-Partenkirchen werktags wieder alle 30 Minuten \u2013 die R\u00fcckkehr h\u00e4ngt jedoch weiter vom verf\u00fcgbaren Personal ab.<\/div>\n","protected":false},"excerpt":{"rendered":"<p>Ab diesem Mittwoch fahren die Linien 1 und 2 in Garmisch-Partenkirchen werktags wieder alle 30 Minuten \u2013 die R\u00fcckkehr h\u00e4ngt jedoch weiter vom verf\u00fcgbaren Personal ab.<\/p>\n","protected":false},"author":5,"featured_media":0,"comment_status":"closed","ping_status":"open","sticky":false,"template":"","format":"standard","meta":[],"categories":[5],"tags":[],"_links":{"self":[{"href":"http:\/\/cms.mtsomnii.de\/w7\/wp-json\/wp\/v2\/posts\/21871"}],"collection":[{"href":"http:\/\/cms.mtsomnii.de\/w7\/wp-json\/wp\/v2\/posts"}],"about":[{"href":"http:\/\/cms.mtsomnii.de\/w7\/wp-json\/wp\/v2\/types\/post"}],"author":[{"embeddable":true,"href":"http:\/\/cms.mtsomnii.de\/w7\/wp-json\/wp\/v2\/users\/5"}],"replies":[{"embeddable":true,"href":"http:\/\/cms.mtsomnii.de\/w7\/wp-json\/wp\/v2\/comments?post=21871"}],"version-history":[{"count":0,"href":"http:\/\/cms.mtsomnii.de\/w7\/wp-json\/wp\/v2\/posts\/21871\/revisions"}],"wp:attachment":[{"href":"http:\/\/cms.mtsomnii.de\/w7\/wp-json\/wp\/v2\/media?parent=21871"}],"wp:term":[{"taxonomy":"category","embeddable":true,"href":"http:\/\/cms.mtsomnii.de\/w7\/wp-json\/wp\/v2\/categories?post=21871"},{"taxonomy":"post_tag","embeddable":true,"href":"http:\/\/cms.mtsomnii.de\/w7\/wp-json\/wp\/v2\/tags?post=21871"}],"curies":[{"name":"wp","href":"https:\/\/api.w.org\/{rel}","templated":true}]}}