{"id":21873,"date":"2025-10-01T07:10:00","date_gmt":"2025-10-01T05:10:00","guid":{"rendered":"http:\/\/cms.mtsomnii.de\/w7\/merkur-de-gap\/lukas-meiler-beendet-karriere-nach-team-erfolg-in-koenigswiesen-rad-profi-bundesliga-93963499-html-21873\/"},"modified":"2025-10-01T07:10:00","modified_gmt":"2025-10-01T05:10:00","slug":"lukas-meiler-beendet-karriere-nach-team-erfolg-in-koenigswiesen-rad-profi-bundesliga-93963499-html","status":"publish","type":"post","link":"http:\/\/cms.mtsomnii.de\/w7\/merkur-de-gap\/lukas-meiler-beendet-karriere-nach-team-erfolg-in-koenigswiesen-rad-profi-bundesliga-93963499-html-21873\/","title":{"rendered":"Nach Team-Erfolg: Rad-Profi beendet Karriere"},"content":{"rendered":"<div>Nach zw\u00f6lf Jahren im Profi-Radsport zieht sich Lukas Meiler zur\u00fcck. Nach k\u00f6rperlichen R\u00fcckschl\u00e4gen steht die Familie jetzt im Vordergrund.<\/div>\n","protected":false},"excerpt":{"rendered":"<p>Nach zw\u00f6lf Jahren im Profi-Radsport zieht sich Lukas Meiler zur\u00fcck. Nach k\u00f6rperlichen R\u00fcckschl\u00e4gen steht die Familie jetzt im Vordergrund.<\/p>\n","protected":false},"author":5,"featured_media":0,"comment_status":"closed","ping_status":"open","sticky":false,"template":"","format":"standard","meta":[],"categories":[5],"tags":[],"_links":{"self":[{"href":"http:\/\/cms.mtsomnii.de\/w7\/wp-json\/wp\/v2\/posts\/21873"}],"collection":[{"href":"http:\/\/cms.mtsomnii.de\/w7\/wp-json\/wp\/v2\/posts"}],"about":[{"href":"http:\/\/cms.mtsomnii.de\/w7\/wp-json\/wp\/v2\/types\/post"}],"author":[{"embeddable":true,"href":"http:\/\/cms.mtsomnii.de\/w7\/wp-json\/wp\/v2\/users\/5"}],"replies":[{"embeddable":true,"href":"http:\/\/cms.mtsomnii.de\/w7\/wp-json\/wp\/v2\/comments?post=21873"}],"version-history":[{"count":0,"href":"http:\/\/cms.mtsomnii.de\/w7\/wp-json\/wp\/v2\/posts\/21873\/revisions"}],"wp:attachment":[{"href":"http:\/\/cms.mtsomnii.de\/w7\/wp-json\/wp\/v2\/media?parent=21873"}],"wp:term":[{"taxonomy":"category","embeddable":true,"href":"http:\/\/cms.mtsomnii.de\/w7\/wp-json\/wp\/v2\/categories?post=21873"},{"taxonomy":"post_tag","embeddable":true,"href":"http:\/\/cms.mtsomnii.de\/w7\/wp-json\/wp\/v2\/tags?post=21873"}],"curies":[{"name":"wp","href":"https:\/\/api.w.org\/{rel}","templated":true}]}}