{"id":21878,"date":"2025-10-01T14:00:00","date_gmt":"2025-10-01T12:00:00","guid":{"rendered":"http:\/\/cms.mtsomnii.de\/w7\/kreisbote-gap\/es-wird-traeumerisch-das-programm-fuer-die-zehnten-murnauer-horvath-tage-steht-93964262-html-21878\/"},"modified":"2025-10-01T14:00:00","modified_gmt":"2025-10-01T12:00:00","slug":"es-wird-traeumerisch-das-programm-fuer-die-zehnten-murnauer-horvath-tage-steht-93964262-html","status":"publish","type":"post","link":"http:\/\/cms.mtsomnii.de\/w7\/kreisbote-gap\/es-wird-traeumerisch-das-programm-fuer-die-zehnten-murnauer-horvath-tage-steht-93964262-html-21878\/","title":{"rendered":"\u201eEs wird tr\u00e4umerisch\u201c &#8211; Das Programm f\u00fcr die zehnten Murnauer Horv\u00e1th-Tage steht"},"content":{"rendered":"<div>\u201eNichts ist so wichtig wie ein Autor, der es sich zur Aufgabe gemacht hat, gegen die Dunkelheit und L\u00fcge in der Gesellschaft anzuschreiben\u201c, beschreibt Georg B\u00fcttel, der K\u00fcnstlerische Leiter der Horv\u00e1th-Tage, das Schaffen des Mannes, zu dessen Ehren das Festival vom 14. bis 23. November in Murnau stattfindet: \u00d6d\u00f6n von Horv\u00e1th.<\/div>\n","protected":false},"excerpt":{"rendered":"<p>\u201eNichts ist so wichtig wie ein Autor, der es sich zur Aufgabe gemacht hat, gegen die Dunkelheit und L\u00fcge in der Gesellschaft anzuschreiben\u201c, beschreibt Georg B\u00fcttel, der K\u00fcnstlerische Leiter der Horv\u00e1th-Tage, das Schaffen des Mannes, zu dessen Ehren das Festival vom 14. bis 23. November in Murnau stattfindet: \u00d6d\u00f6n von Horv\u00e1th.<\/p>\n","protected":false},"author":4,"featured_media":0,"comment_status":"closed","ping_status":"open","sticky":false,"template":"","format":"standard","meta":[],"categories":[2],"tags":[],"_links":{"self":[{"href":"http:\/\/cms.mtsomnii.de\/w7\/wp-json\/wp\/v2\/posts\/21878"}],"collection":[{"href":"http:\/\/cms.mtsomnii.de\/w7\/wp-json\/wp\/v2\/posts"}],"about":[{"href":"http:\/\/cms.mtsomnii.de\/w7\/wp-json\/wp\/v2\/types\/post"}],"author":[{"embeddable":true,"href":"http:\/\/cms.mtsomnii.de\/w7\/wp-json\/wp\/v2\/users\/4"}],"replies":[{"embeddable":true,"href":"http:\/\/cms.mtsomnii.de\/w7\/wp-json\/wp\/v2\/comments?post=21878"}],"version-history":[{"count":0,"href":"http:\/\/cms.mtsomnii.de\/w7\/wp-json\/wp\/v2\/posts\/21878\/revisions"}],"wp:attachment":[{"href":"http:\/\/cms.mtsomnii.de\/w7\/wp-json\/wp\/v2\/media?parent=21878"}],"wp:term":[{"taxonomy":"category","embeddable":true,"href":"http:\/\/cms.mtsomnii.de\/w7\/wp-json\/wp\/v2\/categories?post=21878"},{"taxonomy":"post_tag","embeddable":true,"href":"http:\/\/cms.mtsomnii.de\/w7\/wp-json\/wp\/v2\/tags?post=21878"}],"curies":[{"name":"wp","href":"https:\/\/api.w.org\/{rel}","templated":true}]}}